{"id":17672,"date":"2020-09-16T18:58:02","date_gmt":"2020-09-16T21:58:02","guid":{"rendered":"https:\/\/blogs.correiobraziliense.com.br\/servidor\/?p=17672"},"modified":"2020-09-16T18:58:02","modified_gmt":"2020-09-16T21:58:02","slug":"afpesp-reforma-administrativa-e-injusta-e-aprofunda-desigualdades","status":"publish","type":"post","link":"https:\/\/blogs.correiobraziliense.com.br\/servidor\/afpesp-reforma-administrativa-e-injusta-e-aprofunda-desigualdades\/","title":{"rendered":"AFPESP: Reforma administrativa \u00e9 injusta e aprofunda desigualdades"},"content":{"rendered":"<p><em><strong>Associa\u00e7\u00e3o dos Funcion\u00e1rios P\u00fablicos do Estado de S\u00e3o Paulo (AFPESP), que tem 246 mil associados, frisa que a Proposta de Emenda \u00e0 Constitui\u00e7\u00e3o (PEC 32\/2020), que institui novo marco legal para a administra\u00e7\u00e3o p\u00fablica, agrava diferen\u00e7as salariais, privil\u00e9gios e assimetria de direitos, afetando somente quem ganha menos<\/strong><\/em><\/p>\n<p>O presidente da AFPESP, \u00c1lvaro Gradim, salienta que &#8220;a proposta do governo encaminhada ao Congresso Nacional \u00e9 injusta com os servidores que ganham menos, que, de acordo com o texto, ser\u00e3o os que dever\u00e3o pagar a conta futura da hist\u00f3rica irresponsabilidade fiscal&#8221;. Para ele, \u00e9 incompreens\u00edvel e inexplic\u00e1vel que as chamadas carreiras de Estado, nas quais se concentram os maiores sal\u00e1rios e privil\u00e9gios, bem como os militares, sigam inating\u00edveis.<\/p>\n<p>Gradim salienta que o fim da estabilidade nos cargos para novos funcion\u00e1rios concursados \u00e9 nocivo para o exerc\u00edcio democr\u00e1tico do poder p\u00fablico. &#8220;O princ\u00edpio da estabilidade para numerosas carreiras \u00e9 exatamente voltado a evitar que cada governo altere o quadro de servidores e instrumentalize a presta\u00e7\u00e3o de servi\u00e7os \u00e0 popula\u00e7\u00e3o. H\u00e1 numerosas atividades do Estado que s\u00e3o absolutamente t\u00e9cnicas e n\u00e3o suscet\u00edveis a tend\u00eancias e influ\u00eancias ideol\u00f3gicas e pol\u00edtico-partid\u00e1rias&#8221;.<\/p>\n<p>A reforma administrativa, como est\u00e1 proposta, quebra esse princ\u00edpio, pondera o presidente da AFPESP. &#8220;Para que os governos dos munic\u00edpios, estados e federal possam contratar, em seus mandatos, profissionais de sua confian\u00e7a e de not\u00f3ria capacidade t\u00e9cnica para determinadas fun\u00e7\u00f5es, existem os cargos em comiss\u00e3o, para os quais j\u00e1 n\u00e3o h\u00e1 estabilidade. O que \u00e9 necess\u00e1rio \u00e9 muito crit\u00e9rio nesse processo, que parece sempre exagerado na administra\u00e7\u00e3o p\u00fablica, pois invariavelmente se contrata muito mais gente do que o necess\u00e1rio e com sal\u00e1rios mais elevados do que a m\u00e9dia do funcionalismo&#8221;.<\/p>\n<p>Gradim enfatiza que uma reestrutura\u00e7\u00e3o salarial, mesmo que para os novos ingressantes, nas chamadas carreiras de Estado e para os cargos em comiss\u00e3o, fim de privil\u00e9gios, inclusive de parlamentares, redu\u00e7\u00e3o do n\u00famero de viagens e outros gastos sup\u00e9rfluos &#8220;seriam muito mais eficazes para reduzir o rombo fiscal do que punir literalmente o contingente de servidores que ganha menos e que, no enfrentamento da Covid-19, demonstra com imensa clareza e esfor\u00e7o de supera\u00e7\u00e3o tudo o que pode fazer para a sociedade&#8221;.<\/p>\n<p>Os servidores que ser\u00e3o mais prejudicados s\u00e3o os m\u00e9dicos, enfermeiros, fisioterapeutas, nutricionistas, psic\u00f3logos e todo o pessoal administrativo de hospitais e unidades de atendimento do SUS, que, desde o in\u00edcio da pandemia, est\u00e3o cuidando dos milh\u00f5es de brasileiros infectados, salvando vidas e se colocando em risco, pois s\u00e3o sempre grandes suas possibilidades de cont\u00e1gio, como mostram as estat\u00edsticas. Outro exemplo s\u00e3o os pesquisadores e cientistas das universidades p\u00fablicas, muitos inclusive com as bolsas cortadas ou reduzidas por recentes medidas de conten\u00e7\u00e3o de gastos, que est\u00e3o se desdobrando em estudos para desenvolver protocolos de tratamento e medidas de combate ao novo coronav\u00edrus.<\/p>\n<p>&#8220;S\u00e3o esses, dentre outros, os que arcar\u00e3o com o rombo fiscal, embora ganhem menos e n\u00e3o tenham os mesmos privil\u00e9gios daqueles que est\u00e3o sendo poupados pela proposta de reforma administrativa, um projeto injusto e infrut\u00edfero quanto aos objetivos de contribuir para o equil\u00edbrio fiscal&#8221;, conclui o presidente da AFPESP.<\/p>\n","protected":false},"excerpt":{"rendered":"<p>Associa\u00e7\u00e3o dos Funcion\u00e1rios P\u00fablicos do Estado de S\u00e3o Paulo (AFPESP), que tem 246 mil associados, frisa que a Proposta de Emenda \u00e0 Constitui\u00e7\u00e3o (PEC 32\/2020), que institui novo marco legal para a administra\u00e7\u00e3o p\u00fablica, agrava diferen\u00e7as salariais, privil\u00e9gios e assimetria de direitos, afetando somente quem ganha menos O presidente da AFPESP, \u00c1lvaro Gradim, salienta que &#8220;a proposta do governo encaminhada [&hellip;]<\/p>\n","protected":false},"author":27,"featured_media":0,"comment_status":"open","ping_status":"closed","sticky":false,"template":"","format":"standard","meta":{"footnotes":""},"categories":[2719],"tags":[1191,17722,55,1147,693,620,98,51,18170,955,15938,30,58],"class_list":["post-17672","post","type-post","status-publish","format-standard","hentry","category-servidor","tag-administracao","tag-afpesp","tag-carreiras","tag-concursados","tag-congresso-nacional","tag-estabilidade","tag-governo","tag-militares","tag-pec-32-2020","tag-privilegios","tag-reforma-administrativa","tag-salarios","tag-servidores"],"_links":{"self":[{"href":"https:\/\/blogs.correiobraziliense.com.br\/servidor\/wp-json\/wp\/v2\/posts\/17672","targetHints":{"allow":["GET"]}}],"collection":[{"href":"https:\/\/blogs.correiobraziliense.com.br\/servidor\/wp-json\/wp\/v2\/posts"}],"about":[{"href":"https:\/\/blogs.correiobraziliense.com.br\/servidor\/wp-json\/wp\/v2\/types\/post"}],"author":[{"embeddable":true,"href":"https:\/\/blogs.correiobraziliense.com.br\/servidor\/wp-json\/wp\/v2\/users\/27"}],"replies":[{"embeddable":true,"href":"https:\/\/blogs.correiobraziliense.com.br\/servidor\/wp-json\/wp\/v2\/comments?post=17672"}],"version-history":[{"count":1,"href":"https:\/\/blogs.correiobraziliense.com.br\/servidor\/wp-json\/wp\/v2\/posts\/17672\/revisions"}],"predecessor-version":[{"id":17673,"href":"https:\/\/blogs.correiobraziliense.com.br\/servidor\/wp-json\/wp\/v2\/posts\/17672\/revisions\/17673"}],"wp:attachment":[{"href":"https:\/\/blogs.correiobraziliense.com.br\/servidor\/wp-json\/wp\/v2\/media?parent=17672"}],"wp:term":[{"taxonomy":"category","embeddable":true,"href":"https:\/\/blogs.correiobraziliense.com.br\/servidor\/wp-json\/wp\/v2\/categories?post=17672"},{"taxonomy":"post_tag","embeddable":true,"href":"https:\/\/blogs.correiobraziliense.com.br\/servidor\/wp-json\/wp\/v2\/tags?post=17672"}],"curies":[{"name":"wp","href":"https:\/\/api.w.org\/{rel}","templated":true}]}}