{"id":1766,"date":"2016-06-02T15:00:38","date_gmt":"2016-06-02T18:00:38","guid":{"rendered":"https:\/\/blogs.correiobraziliense.com.br\/servidor\/?p=1766"},"modified":"2016-06-02T15:00:38","modified_gmt":"2016-06-02T18:00:38","slug":"pela-volta-da-cgu-servidores-farao-protesto-durante-sorteio-de-municipios","status":"publish","type":"post","link":"https:\/\/blogs.correiobraziliense.com.br\/servidor\/pela-volta-da-cgu-servidores-farao-protesto-durante-sorteio-de-municipios\/","title":{"rendered":"PELA VOLTA DA CGU, SERVIDORES FAR\u00c3O PROTESTO DURANTE SORTEIO DE MUNIC\u00cdPIOS"},"content":{"rendered":"<p><em>Ato pela revoga\u00e7\u00e3o dos dispositivos da MP 726\/2016 que extinguiram a CGU ser\u00e1 a partir das 15h, no audit\u00f3rio central do \u00f3rg\u00e3o. Ainda durante a tarde, Sindicato ser\u00e1 recebido pelo ministro da Casa Civil, Eliseu Padilha <\/em><\/p>\n<p>Dando continuidade \u00e0 extensa agenda de mobiliza\u00e7\u00e3o em defesa da Controladoria-Geral da Uni\u00e3o (CGU), os servidores preparam um protesto para a tarde desta quinta-feira, 2 de junho. O ato pela revoga\u00e7\u00e3o dos dispositivos da Medida Provis\u00f3ria (MP) 726\/2016 que extinguiram a CGU e criaram o Minist\u00e9rio da Transpar\u00eancia, Fiscaliza\u00e7\u00e3o e Controle, vulgo Mini. TraFiCo, ser\u00e1 durante o sorteio p\u00fablico de munic\u00edpios, agendado para \u00e0s 15 horas. Al\u00e9m dos servidores lotados na sede, o protesto conta com o refor\u00e7o de caravanas de todos os estados do pa\u00eds.<\/p>\n<p>Ontem, os servidores fizeram o terceiro ato p\u00fablico com caminhada at\u00e9 o Pal\u00e1cio do Planalto. No retorno ao edif\u00edcio sede, participaram do \u201cArrai\u00e1 da Resist\u00eancia\u201d, promovido pelo Unacon Sindical (veja <a href=\"http:\/\/www.unacon.org.br\/cno-3806\/sindicato-promove-caminhada-e-arraia-da-resistencia-nesta-quarta-1\/\">aqui<\/a>).<\/p>\n<p>Em resposta \u00e0 mobiliza\u00e7\u00e3o dos servidores, o Pal\u00e1cio do Planalto agendou reuni\u00e3o com o Sindicato para esta quinta. O encontro com o ministro-chefe da Casa Civil, Eliseu Padilha, est\u00e1 marcado para \u00e0s 14h30. Ap\u00f3s o di\u00e1logo, o presidente do Unacon Sindical, Rudinei Marques, deve repassar \u00e0 imprensa o resultado da negocia\u00e7\u00e3o.<\/p>\n<p><strong>SERVI\u00c7O<\/strong><\/p>\n<p><strong>Protesto pela volta da CGU<\/strong><\/p>\n<p><strong>Local: <\/strong>Audit\u00f3rio central<\/p>\n<p><strong>Endere\u00e7o: <\/strong>Setor de Autarquias Sul Quadra 1 Bloco A Edif\u00edcio Darcy Ribeiro, Bras\u00edlia \u2013 DF<\/p>\n<p><strong>Data: <\/strong>2 de junho<\/p>\n<p><strong>Hor\u00e1rio: <\/strong>15h<\/p>\n<p><strong>\u00a0<\/strong><\/p>\n<p><strong>Reuni\u00e3o na Casa Civil <\/strong><\/p>\n<p><strong>Hor\u00e1rio: <\/strong>14:30<\/p>\n<p><strong>Data:<\/strong> 2 de junho<\/p>\n","protected":false},"excerpt":{"rendered":"<p>Ato pela revoga\u00e7\u00e3o dos dispositivos da MP 726\/2016 que extinguiram a CGU ser\u00e1 a partir das 15h, no audit\u00f3rio central do \u00f3rg\u00e3o. Ainda durante a tarde, Sindicato ser\u00e1 recebido pelo ministro da Casa Civil, Eliseu Padilha Dando continuidade \u00e0 extensa agenda de mobiliza\u00e7\u00e3o em defesa da Controladoria-Geral da Uni\u00e3o (CGU), os servidores preparam um protesto para a tarde desta quinta-feira, [&hellip;]<\/p>\n","protected":false},"author":27,"featured_media":0,"comment_status":"open","ping_status":"closed","sticky":false,"template":"","format":"standard","meta":{"footnotes":""},"categories":[1],"tags":[2065,1516,2035,2066,944,718,58,2064,2063],"class_list":["post-1766","post","type-post","status-publish","format-standard","hentry","category-sem-categoria","tag-auditorio","tag-central","tag-cgu","tag-minitrafico","tag-municipios","tag-protesto","tag-servidores","tag-sorteio","tag-volta"],"_links":{"self":[{"href":"https:\/\/blogs.correiobraziliense.com.br\/servidor\/wp-json\/wp\/v2\/posts\/1766","targetHints":{"allow":["GET"]}}],"collection":[{"href":"https:\/\/blogs.correiobraziliense.com.br\/servidor\/wp-json\/wp\/v2\/posts"}],"about":[{"href":"https:\/\/blogs.correiobraziliense.com.br\/servidor\/wp-json\/wp\/v2\/types\/post"}],"author":[{"embeddable":true,"href":"https:\/\/blogs.correiobraziliense.com.br\/servidor\/wp-json\/wp\/v2\/users\/27"}],"replies":[{"embeddable":true,"href":"https:\/\/blogs.correiobraziliense.com.br\/servidor\/wp-json\/wp\/v2\/comments?post=1766"}],"version-history":[{"count":1,"href":"https:\/\/blogs.correiobraziliense.com.br\/servidor\/wp-json\/wp\/v2\/posts\/1766\/revisions"}],"predecessor-version":[{"id":1767,"href":"https:\/\/blogs.correiobraziliense.com.br\/servidor\/wp-json\/wp\/v2\/posts\/1766\/revisions\/1767"}],"wp:attachment":[{"href":"https:\/\/blogs.correiobraziliense.com.br\/servidor\/wp-json\/wp\/v2\/media?parent=1766"}],"wp:term":[{"taxonomy":"category","embeddable":true,"href":"https:\/\/blogs.correiobraziliense.com.br\/servidor\/wp-json\/wp\/v2\/categories?post=1766"},{"taxonomy":"post_tag","embeddable":true,"href":"https:\/\/blogs.correiobraziliense.com.br\/servidor\/wp-json\/wp\/v2\/tags?post=1766"}],"curies":[{"name":"wp","href":"https:\/\/api.w.org\/{rel}","templated":true}]}}