{"id":17658,"date":"2020-09-16T11:56:44","date_gmt":"2020-09-16T14:56:44","guid":{"rendered":"https:\/\/blogs.correiobraziliense.com.br\/servidor\/?p=17658"},"modified":"2020-09-16T11:56:44","modified_gmt":"2020-09-16T14:56:44","slug":"rede-de-apoio-a-advogados-trabalhistas-que-perderam-o-emprego-na-crise-da-covid-19","status":"publish","type":"post","link":"https:\/\/blogs.correiobraziliense.com.br\/servidor\/rede-de-apoio-a-advogados-trabalhistas-que-perderam-o-emprego-na-crise-da-covid-19\/","title":{"rendered":"Rede de apoio a advogados trabalhistas que perderam o emprego na crise da covid-19"},"content":{"rendered":"<p><em><strong>Trata-se de uma\u00a0a\u00e7\u00e3o que os advogados trabalhistas est\u00e3o fazendo na internet, sensibilizados com a situa\u00e7\u00e3o dos colegas, em raz\u00e3o da pandemia e da perda de muitos empregos. Os curr\u00edculos s\u00e3o divulgados pelo endere\u00e7o <a href=\"https:\/\/www.facebook.com\/groups\/753538765429390\/?ref=share\">https:\/\/www.facebook.com\/groups\/753538765429390\/?ref=share<\/a><\/strong><\/em><\/p>\n<p>A ideia \u00e9 prestar solidariedade. N\u00e3o h\u00e1 avalia\u00e7\u00e3o de curr\u00edculo, indica\u00e7\u00f5es de vagas ou retorno financeiro. Ao entrar no endere\u00e7o, o internauta ter\u00e1 imediatamente as informa\u00e7\u00f5es sobre os objetivos e regras gerais. Veja o recado:<\/p>\n<p><strong>&#8220;OBJETIVOS\/ REGRAS GERAIS:<\/strong><br \/>\n1) Essa \u00e9 uma p\u00e1gina que tem como \u00fanico objetivo ajudar na recoloca\u00e7\u00e3o profissional de advogados e advogadas trabalhistas;<br \/>\n2) A inser\u00e7\u00e3o de CV \u00e9 realizada pelo advogado ou advogada que se responsabiliza pelas informa\u00e7\u00f5es constantes em seus CV;<br \/>\n3) N\u00e3o h\u00e1 por parte dos criadores qualquer inger\u00eancia sobre os CV ou mesmo intermedia\u00e7\u00e3o de qualquer valor, sem finalidade econ\u00f4mica, tendo objetivo meramente solid\u00e1rio, cabendo a quem interessar consultar eventuais profissionais e realizar contato direto;<br \/>\n4) a inser\u00e7\u00e3o do curr\u00edculo na p\u00e1gina \u00e9 feita com o objetivo de realoca\u00e7\u00e3o no mercado de trabalho e o profissional est\u00e1 ciente que as informa\u00e7\u00f5es estar\u00e3o dispon\u00edveis a todos que tiverem acesso \u00e0 essa p\u00e1gina;<br \/>\n5) ao inserir o curr\u00edculo na p\u00e1gina, o profissional, por livre e espont\u00e2nea vontade, consente na disponibiliza\u00e7\u00e3o dos dados ali contidos.<\/p>\n<p><strong>P\u00fablico<\/strong><br \/>\nQualquer pessoa pode ver quem est\u00e1 no grupo e o que \u00e9 publicado nele<\/p>\n<p><strong>Vis\u00edvel<\/strong><br \/>\nQualquer pessoa pode encontrar esse grupo.<\/p>\n<p>&nbsp;<\/p>\n","protected":false},"excerpt":{"rendered":"<p>Trata-se de uma\u00a0a\u00e7\u00e3o que os advogados trabalhistas est\u00e3o fazendo na internet, sensibilizados com a situa\u00e7\u00e3o dos colegas, em raz\u00e3o da pandemia e da perda de muitos empregos. Os curr\u00edculos s\u00e3o divulgados pelo endere\u00e7o https:\/\/www.facebook.com\/groups\/753538765429390\/?ref=share A ideia \u00e9 prestar solidariedade. N\u00e3o h\u00e1 avalia\u00e7\u00e3o de curr\u00edculo, indica\u00e7\u00f5es de vagas ou retorno financeiro. Ao entrar no endere\u00e7o, o internauta ter\u00e1 imediatamente as informa\u00e7\u00f5es [&hellip;]<\/p>\n","protected":false},"author":27,"featured_media":0,"comment_status":"open","ping_status":"closed","sticky":false,"template":"","format":"standard","meta":{"footnotes":""},"categories":[2719],"tags":[265,792,17256,366,3646,17170,14208,2882,478,6190,1781,2833,408,703],"class_list":["post-17658","post","type-post","status-publish","format-standard","hentry","category-servidor","tag-advogados","tag-apoio","tag-covid-19","tag-crise","tag-curriculo","tag-cv","tag-intermediacao","tag-internet","tag-profissional","tag-recolocacao","tag-rede","tag-solidariedade","tag-trabalhistas","tag-vagas"],"_links":{"self":[{"href":"https:\/\/blogs.correiobraziliense.com.br\/servidor\/wp-json\/wp\/v2\/posts\/17658","targetHints":{"allow":["GET"]}}],"collection":[{"href":"https:\/\/blogs.correiobraziliense.com.br\/servidor\/wp-json\/wp\/v2\/posts"}],"about":[{"href":"https:\/\/blogs.correiobraziliense.com.br\/servidor\/wp-json\/wp\/v2\/types\/post"}],"author":[{"embeddable":true,"href":"https:\/\/blogs.correiobraziliense.com.br\/servidor\/wp-json\/wp\/v2\/users\/27"}],"replies":[{"embeddable":true,"href":"https:\/\/blogs.correiobraziliense.com.br\/servidor\/wp-json\/wp\/v2\/comments?post=17658"}],"version-history":[{"count":1,"href":"https:\/\/blogs.correiobraziliense.com.br\/servidor\/wp-json\/wp\/v2\/posts\/17658\/revisions"}],"predecessor-version":[{"id":17659,"href":"https:\/\/blogs.correiobraziliense.com.br\/servidor\/wp-json\/wp\/v2\/posts\/17658\/revisions\/17659"}],"wp:attachment":[{"href":"https:\/\/blogs.correiobraziliense.com.br\/servidor\/wp-json\/wp\/v2\/media?parent=17658"}],"wp:term":[{"taxonomy":"category","embeddable":true,"href":"https:\/\/blogs.correiobraziliense.com.br\/servidor\/wp-json\/wp\/v2\/categories?post=17658"},{"taxonomy":"post_tag","embeddable":true,"href":"https:\/\/blogs.correiobraziliense.com.br\/servidor\/wp-json\/wp\/v2\/tags?post=17658"}],"curies":[{"name":"wp","href":"https:\/\/api.w.org\/{rel}","templated":true}]}}