{"id":17653,"date":"2020-09-16T11:32:41","date_gmt":"2020-09-16T14:32:41","guid":{"rendered":"https:\/\/blogs.correiobraziliense.com.br\/servidor\/?p=17653"},"modified":"2020-09-16T15:14:56","modified_gmt":"2020-09-16T18:14:56","slug":"presidente-do-tst-e-internada-com-suspeita-de-covid-19","status":"publish","type":"post","link":"https:\/\/blogs.correiobraziliense.com.br\/servidor\/presidente-do-tst-e-internada-com-suspeita-de-covid-19\/","title":{"rendered":"Presidente do TST \u00e9 internada com suspeita de covid-19"},"content":{"rendered":"<p><em><strong>O Tribunal Superior do Trabalho (TST) informa que a presidente do Tribunal e do Conselho Superior da Justi\u00e7a do Trabalho (CSJT), ministra Maria Cristina Peduzzi, foi hospitalizada na noite de ter\u00e7a-feira (15\/9), ap\u00f3s apresentar sintomas sugestivos \u00e0 covid-19. Ela testou positivo, mas apresenta bom estado de sa\u00fade, com sintomas leves da doen\u00e7a e deve permanecer hospitalizada no Hospital S\u00edrio-Liban\u00eas, em Bras\u00edlia, at\u00e9 alta m\u00e9dica<\/strong><\/em><\/p>\n<p><em><strong>VERA BATISTA<\/strong><\/em><\/p>\n<p><em><strong>RENATO SOUZA<\/strong><\/em><\/p>\n<p>A magistrada ficar\u00e1 em observa\u00e7\u00e3o at\u00e9 o resultado dos exames. &#8220;Desde mar\u00e7o, a ministra tem realizado todos os compromissos de forma telepresencial. No entanto, esteve presente na \u00faltima quinta-feira (10) \u00e0 cerim\u00f4nia de posse do Supremo Tribunal Federal (STF).\u00a0At\u00e9 alta m\u00e9dica, a presid\u00eancia do TST e do CSJT ser\u00e1 exercida pelo vice-presidente do Tribunal, ministro Vieira de Mello Filho&#8221;, informa a assessoria de comunica\u00e7\u00e3o.<\/p>\n<p>Com a magistrada, j\u00e1 s\u00e3o tr\u00eas os ju\u00edzes presentes na posse do ministro Luiz Fux, do Supremo Tribunal Federal (STF), possivelmente infectados. Al\u00e9m de Maria Peduzzi, os ministros Luis Felipe Salom\u00e3o e Antonio Saldanha, do Superior Tribunal de Justi\u00e7a (STJ), apresentaram sintomas para infec\u00e7\u00e3o por coronav\u00edrus. Os dois \u00faltimos j\u00e1 fizeram os testes e iveram resultado positivo.<\/p>\n<p>Fux optou por realizar uma posse presencial e, al\u00e9m de magistrados do Supremo, estavam presentes integrantes de associa\u00e7\u00f5es da magistratura, parentes do novo presidente da Corte, servidores e terceirizados da \u00e1rea de cerimonial, seguran\u00e7a, servi\u00e7os gerais, comunica\u00e7\u00e3o, tecnologia e administrativo.<\/p>\n","protected":false},"excerpt":{"rendered":"<p>O Tribunal Superior do Trabalho (TST) informa que a presidente do Tribunal e do Conselho Superior da Justi\u00e7a do Trabalho (CSJT), ministra Maria Cristina Peduzzi, foi hospitalizada na noite de ter\u00e7a-feira (15\/9), ap\u00f3s apresentar sintomas sugestivos \u00e0 covid-19. Ela testou positivo, mas apresenta bom estado de sa\u00fade, com sintomas leves da doen\u00e7a e deve permanecer hospitalizada no Hospital S\u00edrio-Liban\u00eas, em [&hellip;]<\/p>\n","protected":false},"author":27,"featured_media":0,"comment_status":"open","ping_status":"closed","sticky":false,"template":"","format":"standard","meta":{"footnotes":""},"categories":[2719],"tags":[17256,3211,18206,18207,81,12533,34,403,503],"class_list":["post-17653","post","type-post","status-publish","format-standard","hentry","category-servidor","tag-covid-19","tag-csjt","tag-internada","tag-posse-exames","tag-presidente","tag-sintomas","tag-stf","tag-suspeita","tag-tst"],"_links":{"self":[{"href":"https:\/\/blogs.correiobraziliense.com.br\/servidor\/wp-json\/wp\/v2\/posts\/17653","targetHints":{"allow":["GET"]}}],"collection":[{"href":"https:\/\/blogs.correiobraziliense.com.br\/servidor\/wp-json\/wp\/v2\/posts"}],"about":[{"href":"https:\/\/blogs.correiobraziliense.com.br\/servidor\/wp-json\/wp\/v2\/types\/post"}],"author":[{"embeddable":true,"href":"https:\/\/blogs.correiobraziliense.com.br\/servidor\/wp-json\/wp\/v2\/users\/27"}],"replies":[{"embeddable":true,"href":"https:\/\/blogs.correiobraziliense.com.br\/servidor\/wp-json\/wp\/v2\/comments?post=17653"}],"version-history":[{"count":6,"href":"https:\/\/blogs.correiobraziliense.com.br\/servidor\/wp-json\/wp\/v2\/posts\/17653\/revisions"}],"predecessor-version":[{"id":17665,"href":"https:\/\/blogs.correiobraziliense.com.br\/servidor\/wp-json\/wp\/v2\/posts\/17653\/revisions\/17665"}],"wp:attachment":[{"href":"https:\/\/blogs.correiobraziliense.com.br\/servidor\/wp-json\/wp\/v2\/media?parent=17653"}],"wp:term":[{"taxonomy":"category","embeddable":true,"href":"https:\/\/blogs.correiobraziliense.com.br\/servidor\/wp-json\/wp\/v2\/categories?post=17653"},{"taxonomy":"post_tag","embeddable":true,"href":"https:\/\/blogs.correiobraziliense.com.br\/servidor\/wp-json\/wp\/v2\/tags?post=17653"}],"curies":[{"name":"wp","href":"https:\/\/api.w.org\/{rel}","templated":true}]}}