{"id":17650,"date":"2020-09-15T21:53:37","date_gmt":"2020-09-16T00:53:37","guid":{"rendered":"https:\/\/blogs.correiobraziliense.com.br\/servidor\/?p=17650"},"modified":"2020-09-15T23:03:21","modified_gmt":"2020-09-16T02:03:21","slug":"cerca-de-r-265-milhoes-para-acesso-a-agua-em-escolas-publicas-do-norte-nordeste-e-centro-oeste","status":"publish","type":"post","link":"https:\/\/blogs.correiobraziliense.com.br\/servidor\/cerca-de-r-265-milhoes-para-acesso-a-agua-em-escolas-publicas-do-norte-nordeste-e-centro-oeste\/","title":{"rendered":"Cerca de R$ 265 milh\u00f5es para acesso a \u00e1gua em escolas p\u00fablicas do Norte, Nordeste e Centro-Oeste"},"content":{"rendered":"<p><em><strong>Al\u00e9m de acesso \u00e0 \u00e1gua, medida tamb\u00e9m direciona parte dos recursos para gastos adicionais com cuidado \u00e0 sa\u00fade nos exames\u00a0 Enem, Encceja e Revalida. Os cr\u00e9ditos v\u00e3o para os Minist\u00e9rios da Educa\u00e7\u00e3o e da Cidadania<\/strong><\/em><\/p>\n<p>Estimativa do Censo Escolar de 2019, do Minist\u00e9rio da Educa\u00e7\u00e3o, informa que existem 5.467 escolas p\u00fablicas rurais na Regi\u00e3o Norte, 6.319, na Regi\u00e3o Nordeste, e 130, na Regi\u00e3o Centro-Oeste, sem acesso adequado \u00e0 \u00e1gua de qualidade para consumo. A MP que ser\u00e1 publicada amanh\u00e3 no Di\u00e1rio Oficial da Uni\u00e3o (DOU https:\/\/www.in.gov.br\/en\/web\/dou\/-\/medida-provisoria-n-1.001-de-15-de-setembro-de-2020-277506446), segundo a Casa Civil, pretende garantir &#8220;o retorno mais c\u00e9lere e seguro das crian\u00e7as \u00e0s escolas&#8221;.<\/p>\n<p>O presidente da Rep\u00fablica, Jair Bolsonaro, editou Medida Provis\u00f3ria que abre cr\u00e9dito extraordin\u00e1rio no de aproximadamente R$265 milh\u00f5es para os Minist\u00e9rios da Educa\u00e7\u00e3o e da Cidadania, para o\u00a0enfrentamento da situa\u00e7\u00e3o de emerg\u00eancia em consequ\u00eancia da Covid-19, informou a Casa Civil.<\/p>\n<p>Possibilitar\u00e1 as seguintes a\u00e7\u00f5es no Minist\u00e9rio da Educa\u00e7\u00e3o:<br \/>\n\u2022 Atendimento de gastos adicionais com o Exame Nacional do Ensino M\u00e9dio (ENEM), do Exame Nacional para Certifica\u00e7\u00e3o de Compet\u00eancias de Jovens e Adultos (Encceja) e do Exame Nacional de Revalida\u00e7\u00e3o de Diplomas M\u00e9dicos Expedidos por Institui\u00e7\u00e3o de Educa\u00e7\u00e3o Superior Estrangeira (Revalida).<\/p>\n<p>Os exames exigir\u00e3o o cumprimento dos protocolos de sa\u00fade p\u00fablica e de distanciamento social, para prevenir a transmiss\u00e3o do v\u00edrus durante e assegurar a operacionaliza\u00e7\u00e3o das provas dentro de requisitos m\u00ednimos de estrutura\u00e7\u00e3o.<\/p>\n<p>&#8220;Quanto ao Revalida, espera-se que a pr\u00f3xima edi\u00e7\u00e3o do exame qualifique cerca de 5 mil novos m\u00e9dicos para revalida\u00e7\u00e3o de diplomas junto \u00e0s universidades parceiras. Desse modo, tal iniciativa constitui importante aux\u00edlio adicional no combate \u00e0 pandemia da Covid-19 no Brasil. Os novos m\u00e9dicos poder\u00e3o atuar tamb\u00e9m no Sistema \u00danico de Sa\u00fade (SUS) e ainda na produ\u00e7\u00e3o de conhecimento a respeito da Covid-19&#8221;, informa o \u00f3rg\u00e3o.<\/p>\n<p>No Minist\u00e9rio da Cidadania, permitir\u00e1 o seguinte:<br \/>\n\u2022 Aquisi\u00e7\u00e3o de cisternas de polietileno para a universaliza\u00e7\u00e3o do acesso \u00e0 \u00e1gua para consumo humano, inserido dentro do Programa Cisternas, priorizando escolas p\u00fablicas localizadas nos Estados das Regi\u00f5es Nordeste, Norte e Centro-Oeste que n\u00e3o disp\u00f5em de solu\u00e7\u00e3o adequada nas escolas rurais.<\/p>\n<p>Al\u00e9m de acesso \u00e0 \u00e1gua, medida tamb\u00e9m direciona parte dos recursos para gastos adicionais com cuidado \u00e0 sa\u00fade no Enem, Encceja e Revalida.<\/p>\n<p>&nbsp;<\/p>\n","protected":false},"excerpt":{"rendered":"<p>Al\u00e9m de acesso \u00e0 \u00e1gua, medida tamb\u00e9m direciona parte dos recursos para gastos adicionais com cuidado \u00e0 sa\u00fade nos exames\u00a0 Enem, Encceja e Revalida. Os cr\u00e9ditos v\u00e3o para os Minist\u00e9rios da Educa\u00e7\u00e3o e da Cidadania Estimativa do Censo Escolar de 2019, do Minist\u00e9rio da Educa\u00e7\u00e3o, informa que existem 5.467 escolas p\u00fablicas rurais na Regi\u00e3o Norte, 6.319, na Regi\u00e3o Nordeste, e [&hellip;]<\/p>\n","protected":false},"author":27,"featured_media":0,"comment_status":"open","ping_status":"closed","sticky":false,"template":"","format":"standard","meta":{"footnotes":""},"categories":[2719],"tags":[84,2484,1918,4698,17256,2742,18205,4159,4160,3442,1169,3382,16790,5957,4752,4751,81,147,3970,616],"class_list":["post-17650","post","type-post","status-publish","format-standard","hentry","category-servidor","tag-acesso","tag-adicionais","tag-agua","tag-centro-oeste","tag-covid-19","tag-emergencia","tag-encceja","tag-enem","tag-escolas","tag-exames","tag-gastos","tag-milhoes","tag-ministerio-da-cidadania","tag-ministerio-da-educacao","tag-nordeste","tag-norte","tag-presidente","tag-publica","tag-revalida","tag-saude"],"_links":{"self":[{"href":"https:\/\/blogs.correiobraziliense.com.br\/servidor\/wp-json\/wp\/v2\/posts\/17650","targetHints":{"allow":["GET"]}}],"collection":[{"href":"https:\/\/blogs.correiobraziliense.com.br\/servidor\/wp-json\/wp\/v2\/posts"}],"about":[{"href":"https:\/\/blogs.correiobraziliense.com.br\/servidor\/wp-json\/wp\/v2\/types\/post"}],"author":[{"embeddable":true,"href":"https:\/\/blogs.correiobraziliense.com.br\/servidor\/wp-json\/wp\/v2\/users\/27"}],"replies":[{"embeddable":true,"href":"https:\/\/blogs.correiobraziliense.com.br\/servidor\/wp-json\/wp\/v2\/comments?post=17650"}],"version-history":[{"count":2,"href":"https:\/\/blogs.correiobraziliense.com.br\/servidor\/wp-json\/wp\/v2\/posts\/17650\/revisions"}],"predecessor-version":[{"id":17652,"href":"https:\/\/blogs.correiobraziliense.com.br\/servidor\/wp-json\/wp\/v2\/posts\/17650\/revisions\/17652"}],"wp:attachment":[{"href":"https:\/\/blogs.correiobraziliense.com.br\/servidor\/wp-json\/wp\/v2\/media?parent=17650"}],"wp:term":[{"taxonomy":"category","embeddable":true,"href":"https:\/\/blogs.correiobraziliense.com.br\/servidor\/wp-json\/wp\/v2\/categories?post=17650"},{"taxonomy":"post_tag","embeddable":true,"href":"https:\/\/blogs.correiobraziliense.com.br\/servidor\/wp-json\/wp\/v2\/tags?post=17650"}],"curies":[{"name":"wp","href":"https:\/\/api.w.org\/{rel}","templated":true}]}}