{"id":17643,"date":"2020-09-15T16:08:09","date_gmt":"2020-09-15T19:08:09","guid":{"rendered":"https:\/\/blogs.correiobraziliense.com.br\/servidor\/?p=17643"},"modified":"2020-09-15T16:20:22","modified_gmt":"2020-09-15T19:20:22","slug":"justica-federal-determina-que-inss-faca-mutirao-e-flexibilize-analise-de-beneficios-para-idosos-e-pessoas-com-deficiencia","status":"publish","type":"post","link":"https:\/\/blogs.correiobraziliense.com.br\/servidor\/justica-federal-determina-que-inss-faca-mutirao-e-flexibilize-analise-de-beneficios-para-idosos-e-pessoas-com-deficiencia\/","title":{"rendered":"Justi\u00e7a Federal determina que INSS fa\u00e7a mutir\u00e3o e flexibilize an\u00e1lise de benef\u00edcios para idosos e pessoas com defici\u00eancia"},"content":{"rendered":"<p><em><strong>A pedido do MPF, Justi\u00e7a Federal deu prazo de 60 dias para conclus\u00e3o da an\u00e1lise de benef\u00edcios a idosos e pessoas com defici\u00eancia.H\u00e1 registro de casos em que o benef\u00edcio levou um ano para ser aprovado. Com a pandemia e a suspens\u00e3o das per\u00edcias, a situa\u00e7\u00e3o se agravou<\/strong><\/em><\/p>\n<p>Na decis\u00e3o, o ju\u00edzo da 5\u00aa Vara Federal de Duque de Caxias acolheu os argumentos do MPF e ressaltou que a demora termina por violar direitos constitucionais de idosos e pessoas com defici\u00eancia. \u201cMesmo com o retorno da atividade presencial do INSS, sem a ado\u00e7\u00e3o de mecanismos c\u00e9leres e excepcionais o estoque de requerimentos de benef\u00edcios assistenciais estar\u00e1 fadado a uma demora inaceit\u00e1vel quanto ao processamento\u201d, afirma a senten\u00e7a.<\/p>\n<p>Atendendo a pedido do Minist\u00e9rio P\u00fablico Federal (MPF), a Justi\u00e7a Federal determinou que o INSS realize e conclua, no prazo de 60 dias, um mutir\u00e3o na Baixada Fluminense para a concess\u00e3o dos benef\u00edcios de presta\u00e7\u00e3o continuada (BPC) requeridos at\u00e9 3 de setembro, cuja an\u00e1lise esteja represada a mais de 45 dias. O INSS tamb\u00e9m deve adotar crit\u00e9rios mais c\u00e9leres para an\u00e1lise dos requisitos de concess\u00e3o do benef\u00edcio, destinado a idosos e pessoas com defici\u00eancia em situa\u00e7\u00e3o de vulnerabilidade.<\/p>\n<p>A a\u00e7\u00e3o civil p\u00fablica do MPF, no in\u00edcio deste m\u00eas, alertava que a demora na an\u00e1lise dos benef\u00edcios pelas ag\u00eancias vinculadas \u00e0 Ger\u00eancia Regional de Duque de Caxias j\u00e1 acontecia antes mesmo da pandemia de covid-19. O MPF acompanha o quadro desde agosto de 2019, com registro de casos em que o benef\u00edcio levou um ano para ser deferido. Com a pandemia e a suspens\u00e3o das per\u00edcias, a situa\u00e7\u00e3o se agravou. \u201cA insist\u00eancia do Instituto em aplicar m\u00e9todos ordin\u00e1rios de atendimento est\u00e1 impactando na sobreviv\u00eancia das pessoas. \u00c9 necess\u00e1rio simplificar e flexibilizar requisitos para permitir a concess\u00e3o de benef\u00edcios, postergando a an\u00e1lise aprofundada para a revis\u00e3o administrativa, a ser realizada ainda ap\u00f3s o fim da pandemia\u201d, argumenta o procurador da Rep\u00fablica Julio Jos\u00e9 Araujo Junior.<\/p>\n<p>De acordo com o juiz, a an\u00e1lise deve observar os seguintes crit\u00e9rios: para o Benef\u00edcio da Presta\u00e7\u00e3o Continuada (BPC) da pessoa com defici\u00eancia, dispensa de per\u00edcia m\u00e9dica e utiliza\u00e7\u00e3o das informa\u00e7\u00f5es apresentadas pelo requerente, como laudos e declara\u00e7\u00f5es, ou per\u00edcia virtual. Para o BPC da pessoa com defici\u00eancia e BPC-idoso dispensa de avalia\u00e7\u00e3o social e utiliza\u00e7\u00e3o de declara\u00e7\u00e3o prestada pelo pr\u00f3prio benefici\u00e1rio, em sistema simplificado do governo federal. Al\u00e9m disso, a previs\u00e3o quando do termo final previsto para a concess\u00e3o do benef\u00edcio, de revis\u00e3o administrativa do benef\u00edcio, mediante a ado\u00e7\u00e3o de per\u00edcia m\u00e9dica e avalia\u00e7\u00e3o social, observados os direitos de defesa e o contradit\u00f3rio.<\/p>\n<p>A Ger\u00eancia Executiva do INSS de Duque de Caxias abrange as seguintes ag\u00eancias da Previd\u00eancia Social: Belford Roxo, Duque de Caxias, Duque de Caxias\/Jardim Primavera, Itagua\u00ed, Japeri, Mag\u00e9, Mag\u00e9\/Piabet\u00e1, Mesquita, Nil\u00f3polis, Nova Igua\u00e7u, Nova Igua\u00e7u\/Square Shopping, Paracambi, Queimados, S\u00e3o Jo\u00e3o de Meriti e Santo Aleixo.<\/p>\n<p>ACP 5007290-57.2020.4.02.5118<\/p>\n","protected":false},"excerpt":{"rendered":"<p>A pedido do MPF, Justi\u00e7a Federal deu prazo de 60 dias para conclus\u00e3o da an\u00e1lise de benef\u00edcios a idosos e pessoas com defici\u00eancia.H\u00e1 registro de casos em que o benef\u00edcio levou um ano para ser aprovado. Com a pandemia e a suspens\u00e3o das per\u00edcias, a situa\u00e7\u00e3o se agravou Na decis\u00e3o, o ju\u00edzo da 5\u00aa Vara Federal de Duque de Caxias [&hellip;]<\/p>\n","protected":false},"author":27,"featured_media":0,"comment_status":"open","ping_status":"closed","sticky":false,"template":"","format":"standard","meta":{"footnotes":""},"categories":[2719],"tags":[1224,7054,852,2141,4505,619,443,11,2236,453,9154,17255,609,7281,8797],"class_list":["post-17643","post","type-post","status-publish","format-standard","hentry","category-servidor","tag-analise","tag-assistenciais","tag-beneficios","tag-constitucionais","tag-deficientes","tag-direitos","tag-idosos","tag-inss","tag-justica-federal","tag-mpf","tag-mutirao","tag-pandemia","tag-pericias","tag-processamento","tag-requerimentos"],"_links":{"self":[{"href":"https:\/\/blogs.correiobraziliense.com.br\/servidor\/wp-json\/wp\/v2\/posts\/17643","targetHints":{"allow":["GET"]}}],"collection":[{"href":"https:\/\/blogs.correiobraziliense.com.br\/servidor\/wp-json\/wp\/v2\/posts"}],"about":[{"href":"https:\/\/blogs.correiobraziliense.com.br\/servidor\/wp-json\/wp\/v2\/types\/post"}],"author":[{"embeddable":true,"href":"https:\/\/blogs.correiobraziliense.com.br\/servidor\/wp-json\/wp\/v2\/users\/27"}],"replies":[{"embeddable":true,"href":"https:\/\/blogs.correiobraziliense.com.br\/servidor\/wp-json\/wp\/v2\/comments?post=17643"}],"version-history":[{"count":1,"href":"https:\/\/blogs.correiobraziliense.com.br\/servidor\/wp-json\/wp\/v2\/posts\/17643\/revisions"}],"predecessor-version":[{"id":17644,"href":"https:\/\/blogs.correiobraziliense.com.br\/servidor\/wp-json\/wp\/v2\/posts\/17643\/revisions\/17644"}],"wp:attachment":[{"href":"https:\/\/blogs.correiobraziliense.com.br\/servidor\/wp-json\/wp\/v2\/media?parent=17643"}],"wp:term":[{"taxonomy":"category","embeddable":true,"href":"https:\/\/blogs.correiobraziliense.com.br\/servidor\/wp-json\/wp\/v2\/categories?post=17643"},{"taxonomy":"post_tag","embeddable":true,"href":"https:\/\/blogs.correiobraziliense.com.br\/servidor\/wp-json\/wp\/v2\/tags?post=17643"}],"curies":[{"name":"wp","href":"https:\/\/api.w.org\/{rel}","templated":true}]}}