{"id":17639,"date":"2020-09-15T13:46:06","date_gmt":"2020-09-15T16:46:06","guid":{"rendered":"https:\/\/blogs.correiobraziliense.com.br\/servidor\/?p=17639"},"modified":"2020-09-15T13:46:06","modified_gmt":"2020-09-15T16:46:06","slug":"ideia-de-congelar-aposentadorias-e-pensoes-nao-e-nova","status":"publish","type":"post","link":"https:\/\/blogs.correiobraziliense.com.br\/servidor\/ideia-de-congelar-aposentadorias-e-pensoes-nao-e-nova\/","title":{"rendered":"Ideia de congelar aposentadorias e pens\u00f5es n\u00e3o \u00e9 nova"},"content":{"rendered":"<p><em><strong>O pensamento da equipe econ\u00f4mica do presidente Jair Bolsonaro de manter os benef\u00edcios sem reajuste vem desde o in\u00edcio do ano, segundo t\u00e9cnicos do pr\u00f3prio governo. Mas foi descartada pelo presidente do INSS, em julho<\/strong><\/em><\/p>\n<p>O sil\u00eancio do Superminist\u00e9rio da Economia, que incorporou atribui\u00e7\u00f5es de Fazenda, Planejamento, Trabalho, Previd\u00eancia Social, entre outros, pode causar, eventualmente, ru\u00eddos na informa\u00e7\u00e3o. Desde 14 de julho, a rep\u00f3rter tenta confirmar a exist\u00eancia de um poss\u00edvel estudo que detalharia as regras para congelar as corre\u00e7\u00f5es de aposentadorias e pens\u00f5es do Instituto Nacional do Seguro Social (INSS).<\/p>\n<p>No dia 17 de julho, a assessoria de imprensa do presidente do \u00f3rg\u00e3o, Eduardo Rolim, explicou que \u201csobre este assunto ele n\u00e3o sabe, nem teria compet\u00eancia para falar\u201d. Mas no final da tarde daquele dia, a informa\u00e7\u00e3o foi categoricamente negada pelo pr\u00f3prio Rolim. Ele disse que esse tipo de discuss\u00e3o \u201cabsurda e sem prop\u00f3sito\u201d n\u00e3o contribu\u00eda para o debate.<\/p>\n<p>\u201cIsso n\u00e3o \u00e9 poss\u00edvel. O aumento das aposentadorias e pens\u00f5es est\u00e1 na Constitui\u00e7\u00e3o\u201d, enfatizou Rolim.\u00a0Donde se conclui que ou a equipe econ\u00f4mica n\u00e3o conhece a Constitui\u00e7\u00e3o, ou n\u00e3o consultou o presidente da autarquia que lida diretamente com os principais interessados ou resolveu fazer um teste para sentir a rea\u00e7\u00e3o do p\u00fablico e do mercado ou, pior, agiu de m\u00e1-f\u00e9.<\/p>\n","protected":false},"excerpt":{"rendered":"<p>O pensamento da equipe econ\u00f4mica do presidente Jair Bolsonaro de manter os benef\u00edcios sem reajuste vem desde o in\u00edcio do ano, segundo t\u00e9cnicos do pr\u00f3prio governo. Mas foi descartada pelo presidente do INSS, em julho O sil\u00eancio do Superminist\u00e9rio da Economia, que incorporou atribui\u00e7\u00f5es de Fazenda, Planejamento, Trabalho, Previd\u00eancia Social, entre outros, pode causar, eventualmente, ru\u00eddos na informa\u00e7\u00e3o. Desde 14 [&hellip;]<\/p>\n","protected":false},"author":27,"featured_media":0,"comment_status":"open","ping_status":"closed","sticky":false,"template":"","format":"standard","meta":{"footnotes":""},"categories":[2719],"tags":[2055,6575,2584,11,489,849,241],"class_list":["post-17639","post","type-post","status-publish","format-standard","hentry","category-servidor","tag-aposentadorias","tag-congelamento","tag-constituicao","tag-inss","tag-mercado","tag-pensoes","tag-publico"],"_links":{"self":[{"href":"https:\/\/blogs.correiobraziliense.com.br\/servidor\/wp-json\/wp\/v2\/posts\/17639","targetHints":{"allow":["GET"]}}],"collection":[{"href":"https:\/\/blogs.correiobraziliense.com.br\/servidor\/wp-json\/wp\/v2\/posts"}],"about":[{"href":"https:\/\/blogs.correiobraziliense.com.br\/servidor\/wp-json\/wp\/v2\/types\/post"}],"author":[{"embeddable":true,"href":"https:\/\/blogs.correiobraziliense.com.br\/servidor\/wp-json\/wp\/v2\/users\/27"}],"replies":[{"embeddable":true,"href":"https:\/\/blogs.correiobraziliense.com.br\/servidor\/wp-json\/wp\/v2\/comments?post=17639"}],"version-history":[{"count":1,"href":"https:\/\/blogs.correiobraziliense.com.br\/servidor\/wp-json\/wp\/v2\/posts\/17639\/revisions"}],"predecessor-version":[{"id":17640,"href":"https:\/\/blogs.correiobraziliense.com.br\/servidor\/wp-json\/wp\/v2\/posts\/17639\/revisions\/17640"}],"wp:attachment":[{"href":"https:\/\/blogs.correiobraziliense.com.br\/servidor\/wp-json\/wp\/v2\/media?parent=17639"}],"wp:term":[{"taxonomy":"category","embeddable":true,"href":"https:\/\/blogs.correiobraziliense.com.br\/servidor\/wp-json\/wp\/v2\/categories?post=17639"},{"taxonomy":"post_tag","embeddable":true,"href":"https:\/\/blogs.correiobraziliense.com.br\/servidor\/wp-json\/wp\/v2\/tags?post=17639"}],"curies":[{"name":"wp","href":"https:\/\/api.w.org\/{rel}","templated":true}]}}