{"id":17635,"date":"2020-09-15T11:39:40","date_gmt":"2020-09-15T14:39:40","guid":{"rendered":"https:\/\/blogs.correiobraziliense.com.br\/servidor\/?p=17635"},"modified":"2020-09-15T11:40:08","modified_gmt":"2020-09-15T14:40:08","slug":"decisao-inconsequente-do-inss-faz-milhares-de-pessoas-irem-as-agencias-diz-fenasps","status":"publish","type":"post","link":"https:\/\/blogs.correiobraziliense.com.br\/servidor\/decisao-inconsequente-do-inss-faz-milhares-de-pessoas-irem-as-agencias-diz-fenasps\/","title":{"rendered":"Decis\u00e3o inconsequente do INSS faz milhares de pessoas irem \u00e0s ag\u00eancias, diz Fenasps"},"content":{"rendered":"<p><em><strong>Por meio de nota, a Fenasps orienta os benefici\u00e1rios a n\u00e3o n\u00e3o comparecer nas ag\u00eancias do INSS &#8220;pois n\u00e3o existe nenhuma garantia de que haver\u00e1 atendimento&#8221;<\/strong><\/em><\/p>\n<p>&#8220;As entidades sindicais exigem que o INSS fa\u00e7a concess\u00e3o autom\u00e1tica e o\u00a0pagamento dos benef\u00edcios evitando que as pessoas do grupo de risco \u2013 acima de\u00a060 anos ou que tenham comorbidades \u2013 saiam do isolamento social para\u00a0correr o risco de ser contaminadas. O Brasil est\u00e1 chegando a 4,4 milh\u00f5es\u00a0de casos e 132 mil \u00f3bitos&#8221;, destaca a entidade sindical.<\/p>\n<p>Veja a nota:<\/p>\n<p>&#8220;O governo, demonstrando total desrespeito com a vida da popula\u00e7\u00e3o, tomou\u00a0a decis\u00e3o de reabrir as Ag\u00eancias da Previd\u00eancia Social (APS) na segunda-feira, 14 de setembro, mesmo sabendo que nem todas estariam em condi\u00e7\u00f5es de\u00a0funcionamento.<\/p>\n<p>Isso porque o INSS possui problemas estruturais que colocam em risco a\u00a0vida da popula\u00e7\u00e3o e dos servidores da autarquia. A maioria absoluta das APS\u00a0possui sequer circula\u00e7\u00e3o de ar natural, e muitas funcionam com equipamentos de\u00a0ar-condicionado em estado prec\u00e1rio.<\/p>\n<p>E pior: faltam funcion\u00e1rios, j\u00e1 que um ter\u00e7o da for\u00e7a de trabalho se\u00a0aposentou nos \u00faltimos tr\u00eas anos e n\u00e3o houve concurso para reposi\u00e7\u00e3o desses\u00a0servidores.<\/p>\n<p>Dessa forma, a decis\u00e3o question\u00e1vel do governo, ao convocar a popula\u00e7\u00e3o\u00a0para viajar centenas de quil\u00f4metros sem certeza de serem atendidas, resultou\u00a0em problemas na maioria dos Estados.<\/p>\n<p>Os trabalhadores do INSS, diante da inseguran\u00e7a em trabalhar nestas\u00a0condi\u00e7\u00f5es favor\u00e1veis \u00e0 prolifera\u00e7\u00e3o da pandemia de Covid-19 decretaram Greve\u00a0Sanit\u00e1ria a favor da vida, conforme delibera\u00e7\u00e3o em Plen\u00e1ria virtual.<\/p>\n<p>Orientamos a popula\u00e7\u00e3o para n\u00e3o comparecer nas ag\u00eancias do INSS\u00a0pois n\u00e3o existe nenhuma garantia de que haver\u00e1 atendimento!<\/p>\n<p>As entidades sindicais exigem que o INSS fa\u00e7a concess\u00e3o autom\u00e1tica e o\u00a0pagamento dos benef\u00edcios evitando que as pessoas do grupo de risco \u2013 acima de\u00a060 anos ou que tenham comorbidades \u2013 saiam do isolamento social para\u00a0correr o risco de ser contaminadas. O Brasil est\u00e1 chegando a 4,4 milh\u00f5es\u00a0de casos e 132 mil \u00f3bitos.<\/p>\n<p>VAMOS CONTINUAR A LUTA EM DEFESA DA VIDA!<br \/>\nBras\u00edlia, 14 de setembro de 2020&#8243;<br \/>\nDiretoria Colegiada da FENASPS&#8221;<\/p>\n","protected":false},"excerpt":{"rendered":"<p>Por meio de nota, a Fenasps orienta os benefici\u00e1rios a n\u00e3o n\u00e3o comparecer nas ag\u00eancias do INSS &#8220;pois n\u00e3o existe nenhuma garantia de que haver\u00e1 atendimento&#8221; &#8220;As entidades sindicais exigem que o INSS fa\u00e7a concess\u00e3o autom\u00e1tica e o\u00a0pagamento dos benef\u00edcios evitando que as pessoas do grupo de risco \u2013 acima de\u00a060 anos ou que tenham comorbidades \u2013 saiam do isolamento [&hellip;]<\/p>\n","protected":false},"author":27,"featured_media":0,"comment_status":"open","ping_status":"closed","sticky":false,"template":"","format":"standard","meta":{"footnotes":""},"categories":[2719],"tags":[879,551,4057,980,852,3318,1248,1466,17275,16974,11,5864,151,17255],"class_list":["post-17635","post","type-post","status-publish","format-standard","hentry","category-servidor","tag-agencias","tag-atendimento","tag-automatica","tag-beneficiarios","tag-beneficios","tag-concessao","tag-decisao","tag-garantia","tag-grupo-de-risco","tag-inconsequente","tag-inss","tag-obitos","tag-pagamento","tag-pandemia"],"_links":{"self":[{"href":"https:\/\/blogs.correiobraziliense.com.br\/servidor\/wp-json\/wp\/v2\/posts\/17635","targetHints":{"allow":["GET"]}}],"collection":[{"href":"https:\/\/blogs.correiobraziliense.com.br\/servidor\/wp-json\/wp\/v2\/posts"}],"about":[{"href":"https:\/\/blogs.correiobraziliense.com.br\/servidor\/wp-json\/wp\/v2\/types\/post"}],"author":[{"embeddable":true,"href":"https:\/\/blogs.correiobraziliense.com.br\/servidor\/wp-json\/wp\/v2\/users\/27"}],"replies":[{"embeddable":true,"href":"https:\/\/blogs.correiobraziliense.com.br\/servidor\/wp-json\/wp\/v2\/comments?post=17635"}],"version-history":[{"count":2,"href":"https:\/\/blogs.correiobraziliense.com.br\/servidor\/wp-json\/wp\/v2\/posts\/17635\/revisions"}],"predecessor-version":[{"id":17637,"href":"https:\/\/blogs.correiobraziliense.com.br\/servidor\/wp-json\/wp\/v2\/posts\/17635\/revisions\/17637"}],"wp:attachment":[{"href":"https:\/\/blogs.correiobraziliense.com.br\/servidor\/wp-json\/wp\/v2\/media?parent=17635"}],"wp:term":[{"taxonomy":"category","embeddable":true,"href":"https:\/\/blogs.correiobraziliense.com.br\/servidor\/wp-json\/wp\/v2\/categories?post=17635"},{"taxonomy":"post_tag","embeddable":true,"href":"https:\/\/blogs.correiobraziliense.com.br\/servidor\/wp-json\/wp\/v2\/tags?post=17635"}],"curies":[{"name":"wp","href":"https:\/\/api.w.org\/{rel}","templated":true}]}}