{"id":17626,"date":"2020-09-15T10:49:29","date_gmt":"2020-09-15T13:49:29","guid":{"rendered":"https:\/\/blogs.correiobraziliense.com.br\/servidor\/?p=17626"},"modified":"2020-09-15T11:11:47","modified_gmt":"2020-09-15T14:11:47","slug":"servidores-da-assistencia-social-do-df-fazem-paralisacao-48-horas","status":"publish","type":"post","link":"https:\/\/blogs.correiobraziliense.com.br\/servidor\/servidores-da-assistencia-social-do-df-fazem-paralisacao-48-horas\/","title":{"rendered":"Servidores da assist\u00eancia social do DF fazem paralisa\u00e7\u00e3o de 48 horas"},"content":{"rendered":"<p dir=\"ltr\"><em><strong>Categoria cruza os bra\u00e7os nas quarta e quinta-feiras, cobra contrata\u00e7\u00e3o de concursados, protesta contra a reforma administrativa do governo federal e pede o pagamento de reajuste concedido em 2013<\/strong><\/em><\/p>\n<p>Os servidores da assist\u00eancia social do Governo do Distrito Federal (GDF) fazem uma paralisa\u00e7\u00e3o de 48 horas nesta quarta e quinta-feira (16 e 17 de setembro). A mobiliza\u00e7\u00e3o tem o comando do Sindicato dos Servidores da Assist\u00eancia Social e Cultural do GDF (Sindsasc). No per\u00edodo, haver\u00e1 assembleia-geral, com distanciamento social, entre os servidores da categoria na quarta-feira, \u00e0s 9 horas, em frente ao pr\u00e9dio da Secretaria de Desenvolvimento Social (Sedes), na 515 Sul).<\/p>\n<p dir=\"ltr\">Para o Sindsasc, a paralisa\u00e7\u00e3o \u00e9 necess\u00e1ria em rea\u00e7\u00e3o \u00e0 retirada de direitos dos servidores em curso, tanto pelo GDF, quanto pelo governo federal. \u201cO GDF e o Executivo federal est\u00e3o se aproveitando da crise causada pela pandemia para atacar direitos dos servidores. Bolsonaro nos ataca com a reforma administrativa, que nos retira rendimentos salariais. Ibaneis aumenta o valor da contribui\u00e7\u00e3o previdenci\u00e1ria, que causa um desfalque nos sal\u00e1rios\u201d, justifica o presidente da entidade, Clayton Avelar.<\/p>\n<h2><strong>Argumento falso<\/strong><\/h2>\n<p dir=\"ltr\">O sindicato aponta outro motivo de insatisfa\u00e7\u00e3o em rela\u00e7\u00e3o ao trato do GDF com a categoria: o atraso no pagamento da terceira parcela do reajuste salarial, concedido em 2013, que n\u00e3o teve sua terceira parcela paga como deveria, em 2015. A alega\u00e7\u00e3o do Executivo local \u00e9 a falta de recursos para quitar a d\u00edvida com os servidores.<\/p>\n<p dir=\"ltr\">O sindicato avalia que o argumento \u00e9 falso. Segundo levantamento do Departamento Intersindical de Estat\u00edstica e Estudos Socioecon\u00f4micos (Dieese),\u00a0 apesar da crise pela pandemia, o DF ainda n\u00e3o est\u00e1 em crise de recursos. Entre as 27 unidades da federa\u00e7\u00e3o, o Distrito Federal est\u00e1 na nona melhor posi\u00e7\u00e3o do ranking de gastos com pessoal em rela\u00e7\u00e3o \u00e0 Receita Corrente L\u00edquida. O estudo foi a partir de dados divulgados pelo pr\u00f3prio GDF e pelo Tesouro Nacional. \u201cTemos a informa\u00e7\u00e3o de que o GDF vai receber um recurso extra de mais de R$ 1 bilh\u00e3o do Tesouro Nacional. Ainda assim, o governador insiste no falso discurso de arrocho de receita para n\u00e3o pagar o que nos deve\u201d, afirma o l\u00edder sindical.<\/p>\n<h2><strong>Deficit<\/strong><\/h2>\n<p dir=\"ltr\">Outro ponto fundamental da pauta da assist\u00eancia social do DF \u00e9 o deficit de servidores.\u00a0 Atualmente, o setor atua com apenas 10% da quantidade de trabalhadores necess\u00e1ria para o pleno atendimento aos assistidos do DF. Para o Sindsasc, a solu\u00e7\u00e3o \u00e9 a contrata\u00e7\u00e3o de todos os concursandos aprovados no certame com etapas em 2019 e neste ano. \u201cO resultado do concurso n\u00e3o foi homologado nem teve as nomea\u00e7\u00f5es realizadas. O GDF n\u00e3o mostra vontade em nomear esses concursandos\u201d, pontua Clayton.<\/p>\n<p>&nbsp;<\/p>\n","protected":false},"excerpt":{"rendered":"<p>Categoria cruza os bra\u00e7os nas quarta e quinta-feiras, cobra contrata\u00e7\u00e3o de concursados, protesta contra a reforma administrativa do governo federal e pede o pagamento de reajuste concedido em 2013 Os servidores da assist\u00eancia social do Governo do Distrito Federal (GDF) fazem uma paralisa\u00e7\u00e3o de 48 horas nesta quarta e quinta-feira (16 e 17 de setembro). A mobiliza\u00e7\u00e3o tem o comando [&hellip;]<\/p>\n","protected":false},"author":27,"featured_media":0,"comment_status":"open","ping_status":"closed","sticky":false,"template":"","format":"standard","meta":{"footnotes":""},"categories":[2719],"tags":[2108,379,5715,172,2692,1522,506,63,15938,15893,58,11776],"class_list":["post-17626","post","type-post","status-publish","format-standard","hentry","category-servidor","tag-assistencia-social","tag-categoria","tag-concursandos","tag-contratacao","tag-gdf","tag-governo-federal","tag-paralisacao","tag-reajuste","tag-reforma-administrativa","tag-sedes","tag-servidores","tag-sindsasc"],"_links":{"self":[{"href":"https:\/\/blogs.correiobraziliense.com.br\/servidor\/wp-json\/wp\/v2\/posts\/17626","targetHints":{"allow":["GET"]}}],"collection":[{"href":"https:\/\/blogs.correiobraziliense.com.br\/servidor\/wp-json\/wp\/v2\/posts"}],"about":[{"href":"https:\/\/blogs.correiobraziliense.com.br\/servidor\/wp-json\/wp\/v2\/types\/post"}],"author":[{"embeddable":true,"href":"https:\/\/blogs.correiobraziliense.com.br\/servidor\/wp-json\/wp\/v2\/users\/27"}],"replies":[{"embeddable":true,"href":"https:\/\/blogs.correiobraziliense.com.br\/servidor\/wp-json\/wp\/v2\/comments?post=17626"}],"version-history":[{"count":3,"href":"https:\/\/blogs.correiobraziliense.com.br\/servidor\/wp-json\/wp\/v2\/posts\/17626\/revisions"}],"predecessor-version":[{"id":17631,"href":"https:\/\/blogs.correiobraziliense.com.br\/servidor\/wp-json\/wp\/v2\/posts\/17626\/revisions\/17631"}],"wp:attachment":[{"href":"https:\/\/blogs.correiobraziliense.com.br\/servidor\/wp-json\/wp\/v2\/media?parent=17626"}],"wp:term":[{"taxonomy":"category","embeddable":true,"href":"https:\/\/blogs.correiobraziliense.com.br\/servidor\/wp-json\/wp\/v2\/categories?post=17626"},{"taxonomy":"post_tag","embeddable":true,"href":"https:\/\/blogs.correiobraziliense.com.br\/servidor\/wp-json\/wp\/v2\/tags?post=17626"}],"curies":[{"name":"wp","href":"https:\/\/api.w.org\/{rel}","templated":true}]}}