{"id":17624,"date":"2020-09-14T21:08:50","date_gmt":"2020-09-15T00:08:50","guid":{"rendered":"https:\/\/blogs.correiobraziliense.com.br\/servidor\/?p=17624"},"modified":"2020-09-14T21:08:50","modified_gmt":"2020-09-15T00:08:50","slug":"correios-aguardam-decisao-da-justica-para-retomar-atividades","status":"publish","type":"post","link":"https:\/\/blogs.correiobraziliense.com.br\/servidor\/correios-aguardam-decisao-da-justica-para-retomar-atividades\/","title":{"rendered":"Correios aguardam decis\u00e3o da justi\u00e7a para retomar atividades"},"content":{"rendered":"<p><em><strong>Por meio de nota, os Correios afirmam que tentaram entrar em acordo com os empregados, mas os sindicatos se recusaram a abrir m\u00e3o dos privil\u00e9gios dos &#8220;tempos de prosperidade&#8221;. E pede que retornem ao trabalho antes do pr\u00f3ximo dia 21. J\u00e1 os trabalhadores mant\u00eam a greve e alegam que a &#8220;empresa n\u00e3o trouxe nenhuma proposta de avan\u00e7o e insistiu na argumenta\u00e7\u00e3o de que sua situa\u00e7\u00e3o econ\u00f4mica n\u00e3o permite atender nada al\u00e9m do que est\u00e1 previsto na CLT&#8221;<\/strong><\/em><\/p>\n<p>\u00b4\u00c9 preciso ressaltar que, na \u00faltima d\u00e9cada, os reajustes salariais dos empregados dos Correios superaram o do trabalhador m\u00e9dio: enquanto o sal\u00e1rio m\u00ednimo aumentou 104%, os vencimentos de um carteiro, por exemplo, subiram 117%&#8221;, assinala a companhia. &#8220;A empresa aguarda o retorno dos trabalhadores que aderiram ao movimento paredista antes do julgamento do diss\u00eddio coletivo, marcado para o pr\u00f3ximo dia 21\/09: cientes da sua responsabilidade para com a sociedade, eles s\u00e3o indispens\u00e1veis para a presta\u00e7\u00e3o de servi\u00e7os essenciais \u00e0 popula\u00e7\u00e3o em um momento t\u00e3o delicado para o pa\u00eds e o mundo&#8221;, reitera<\/p>\n<p>Veja a nota:<\/p>\n<p>&#8220;No in\u00edcio de julho desse ano, os Correios tentaram negociar com as entidades representativas dos empregados os termos do Acordo Coletivo de Trabalho 2020\/2021. Em continuidade \u00e0s a\u00e7\u00f5es de fortalecimento de suas finan\u00e7as e consequente preserva\u00e7\u00e3o de sua sustentabilidade, a empresa apresentou uma proposta que visa a adequar os benef\u00edcios dos empregados \u00e0 realidade do pa\u00eds e da estatal. A economia anual prevista com a redu\u00e7\u00e3o dos privil\u00e9gios \u00e9 da ordem de R$ 800 milh\u00f5es, valor que bastaria para, em apenas 3 anos e com fluxo est\u00e1vel de receitas, cobrir o preju\u00edzo acumulado de R$ 2,4 bilh\u00f5es.<\/p>\n<p>Em contraposi\u00e7\u00e3o, os sindicatos exigiram a manuten\u00e7\u00e3o dos termos determinados no diss\u00eddio anterior, recusando-se a abrir m\u00e3o dos privil\u00e9gios concedidos em tempos de prosperidade ou, ainda, como solu\u00e7\u00e3o para findar greves antes estas corroessem o caixa da empresa de forma irrevers\u00edvel. Sobre o assunto, a empresa defende ser imprescind\u00edvel que acordos coletivos reflitam o contexto em que s\u00e3o produzidos. Ao mesmo tempo em que devem manifestar a disponibilidade da empresa em repartir lucros com seus empregados, n\u00e3o podem contribuir para a sua fal\u00eancia ou a acumula\u00e7\u00e3o de preju\u00edzos.<\/p>\n<p>\u00c9 evidente, portanto, que n\u00e3o h\u00e1 margem para propostas incompat\u00edveis com a situa\u00e7\u00e3o econ\u00f4mica atual da institui\u00e7\u00e3o e do pa\u00eds, o que exclu\u00ed de qualquer negocia\u00e7\u00e3o a possibilidade de conceder reajustes. Ademais, \u00e9 preciso ressaltar que, na \u00faltima d\u00e9cada, os reajustes salariais dos empregados dos Correios superaram o do trabalhador m\u00e9dio: enquanto o sal\u00e1rio m\u00ednimo aumentou 104%, os vencimentos de um carteiro, por exemplo, subiram 117%.<\/p>\n<p>Al\u00e9m de afetar a imagem da institui\u00e7\u00e3o e de seus empregados perante a sociedade, as paralisa\u00e7\u00f5es da maior companhia de log\u00edstica do Brasil, sobretudo no contexto atual, trazem preju\u00edzos financeiros n\u00e3o s\u00f3 \u00e0 pr\u00f3pria estatal: in\u00fameros empreendedores brasileiros de todo porte contam com o bom funcionamento da empresa para manterem seus neg\u00f3cios ativos.<\/p>\n<p><strong>Plano de Continuidade dos Neg\u00f3cios<\/strong><\/p>\n<p>Em conson\u00e2ncia com as determina\u00e7\u00f5es do Minist\u00e9rio da Economia referentes \u00e0s empresas p\u00fablicas, os Correios t\u00eam promovido conten\u00e7\u00f5es de despesas e o saneamento de suas finan\u00e7as com a transpar\u00eancia de sempre, rejeitando qualquer alternativa que n\u00e3o garanta as melhores pr\u00e1ticas de administra\u00e7\u00e3o e governan\u00e7a da empresa, especialmente diante da perda de parcelas de mercado e frente ao cen\u00e1rio danoso causado pela pandemia.<\/p>\n<p>Em um cen\u00e1rio no qual o desemprego cresce aceleradamente e as incertezas impostas pela crise n\u00e3o apontam qualquer perspectiva, \u00e9 um feito herc\u00faleo manter uma empresa de porte nacional funcionando sem sacrificar, sobretudo, os empregos de seus trabalhadores.<\/p>\n<p>Enquanto luta para atravessar a crise sem precedentes que assola o mundo, a empresa busca alavancar seu neg\u00f3cio em um dos poucos segmentos com capacidade de crescer em meio ao cen\u00e1rio de pandemia e isolamento social: o e-commerce.<\/p>\n<p>Para isso, os Correios seguem trabalhando para reduzir os efeitos da paralisa\u00e7\u00e3o parcial em curso: durante fins de semana e feriados, empregados das \u00e1reas administrativa e operacional t\u00eam unido for\u00e7as para garantir a entrega de milh\u00f5es de objetos. Nas \u00faltimas quatro semanas, as a\u00e7\u00f5es previstas no plano de continuidade dos neg\u00f3cios possibilitaram que mais de 187 milh\u00f5es de cartas e encomendas foram entregues em todo o pa\u00eds.<\/p>\n<p><strong>Hist\u00f3rico de Dificuldades e o Futuro<\/strong><br \/>\nOs Correios t\u00eam buscado encontrar o equil\u00edbrio entre a recupera\u00e7\u00e3o financeira ap\u00f3s anos de dilapida\u00e7\u00e3o dos seus recursos e a manuten\u00e7\u00e3o de empregos, sal\u00e1rios e direitos dos seus empregados. Ap\u00f3s sofrerem por longos anos com a falta de governan\u00e7a e a corrup\u00e7\u00e3o, os Correios tiveram seu hist\u00f3rico agravado severamente por sucessivas greves.<\/p>\n<p>Para que a empresa permane\u00e7a firme no caminho da recupera\u00e7\u00e3o econ\u00f4mica, os erros das gest\u00f5es passadas exigem, hoje, medidas duras e sacrif\u00edcios. Mais do que nunca, os Correios precisam de capital para investir e competir em p\u00e9 de igualdade com as outras empresas do ramo, que se reinventam sempre no ritmo do mercado.<\/p>\n<p>A transforma\u00e7\u00e3o da cultura de consumo global aponta para uma urgente necessidade de adapta\u00e7\u00e3o e inova\u00e7\u00e3o. S\u00f3 assim ser\u00e1 poss\u00edvel aos Correios se estabelecerem como a melhor op\u00e7\u00e3o do mercado, competindo de forma igualit\u00e1ria com outros gigantes log\u00edsticos e, por fim, garantirem sua sustentabilidade.<\/p>\n<p>A empresa aguarda o retorno dos trabalhadores que aderiram ao movimento paredista antes do julgamento do diss\u00eddio coletivo, marcado para o pr\u00f3ximo dia 21\/09: cientes da sua responsabilidade para com a sociedade, eles s\u00e3o indispens\u00e1veis para a presta\u00e7\u00e3o de servi\u00e7os essenciais \u00e0 popula\u00e7\u00e3o em um momento t\u00e3o delicado para o pa\u00eds e o mundo&#8221;<\/p>\n","protected":false},"excerpt":{"rendered":"<p>Por meio de nota, os Correios afirmam que tentaram entrar em acordo com os empregados, mas os sindicatos se recusaram a abrir m\u00e3o dos privil\u00e9gios dos &#8220;tempos de prosperidade&#8221;. E pede que retornem ao trabalho antes do pr\u00f3ximo dia 21. J\u00e1 os trabalhadores mant\u00eam a greve e alegam que a &#8220;empresa n\u00e3o trouxe nenhuma proposta de avan\u00e7o e insistiu na [&hellip;]<\/p>\n","protected":false},"author":27,"featured_media":0,"comment_status":"open","ping_status":"closed","sticky":false,"template":"","format":"standard","meta":{"footnotes":""},"categories":[2719],"tags":[18067,463,3589,852,1149,2272,20,1248,11693,1736,15,260,1462,14327,1518,955,9832,326,18195,3801,351,3231,19],"class_list":["post-17624","post","type-post","status-publish","format-standard","hentry","category-servidor","tag-acordos-coletivos","tag-atividades","tag-avanco","tag-beneficios","tag-caixa","tag-clt","tag-correios","tag-decisao","tag-dissidio-coletivo","tag-falencia","tag-greve","tag-justica","tag-lucros","tag-ministerio-da-economia","tag-prejuizos","tag-privilegios","tag-prosperidade","tag-receitas","tag-retorno-clt","tag-sindicatos","tag-sociedade","tag-sustentabilidade","tag-trabalhadores"],"_links":{"self":[{"href":"https:\/\/blogs.correiobraziliense.com.br\/servidor\/wp-json\/wp\/v2\/posts\/17624","targetHints":{"allow":["GET"]}}],"collection":[{"href":"https:\/\/blogs.correiobraziliense.com.br\/servidor\/wp-json\/wp\/v2\/posts"}],"about":[{"href":"https:\/\/blogs.correiobraziliense.com.br\/servidor\/wp-json\/wp\/v2\/types\/post"}],"author":[{"embeddable":true,"href":"https:\/\/blogs.correiobraziliense.com.br\/servidor\/wp-json\/wp\/v2\/users\/27"}],"replies":[{"embeddable":true,"href":"https:\/\/blogs.correiobraziliense.com.br\/servidor\/wp-json\/wp\/v2\/comments?post=17624"}],"version-history":[{"count":1,"href":"https:\/\/blogs.correiobraziliense.com.br\/servidor\/wp-json\/wp\/v2\/posts\/17624\/revisions"}],"predecessor-version":[{"id":17625,"href":"https:\/\/blogs.correiobraziliense.com.br\/servidor\/wp-json\/wp\/v2\/posts\/17624\/revisions\/17625"}],"wp:attachment":[{"href":"https:\/\/blogs.correiobraziliense.com.br\/servidor\/wp-json\/wp\/v2\/media?parent=17624"}],"wp:term":[{"taxonomy":"category","embeddable":true,"href":"https:\/\/blogs.correiobraziliense.com.br\/servidor\/wp-json\/wp\/v2\/categories?post=17624"},{"taxonomy":"post_tag","embeddable":true,"href":"https:\/\/blogs.correiobraziliense.com.br\/servidor\/wp-json\/wp\/v2\/tags?post=17624"}],"curies":[{"name":"wp","href":"https:\/\/api.w.org\/{rel}","templated":true}]}}