{"id":17620,"date":"2020-09-14T20:22:44","date_gmt":"2020-09-14T23:22:44","guid":{"rendered":"https:\/\/blogs.correiobraziliense.com.br\/servidor\/?p=17620"},"modified":"2020-09-14T20:22:44","modified_gmt":"2020-09-14T23:22:44","slug":"grupo-aconchego-faz-campanha-para-incentivar-o-acolhimento-temporario","status":"publish","type":"post","link":"https:\/\/blogs.correiobraziliense.com.br\/servidor\/grupo-aconchego-faz-campanha-para-incentivar-o-acolhimento-temporario\/","title":{"rendered":"Grupo Aconchego faz campanha para incentivar o acolhimento tempor\u00e1rio"},"content":{"rendered":"<p><em><strong>Nesta ter\u00e7a-feira (15) o Grupo Aconchego lan\u00e7a a campanha &#8220;Acolhimento tempor\u00e1rio, transforma\u00e7\u00e3o pra vida inteira&#8221;, para celebrar os dois anos do Servi\u00e7o Fam\u00edlia Acolhedora no DF e mobilizar novas fam\u00edlias volunt\u00e1rias que queiram fazer parte da iniciativa<\/strong><\/em><\/p>\n<p>A psic\u00f3loga e coordenadora do programa no Aconchego, Julia Salvagni, conta que o objetivo \u00e9 incentivar a guarda familiar tempor\u00e1ria de crian\u00e7as que est\u00e3o afastadas das fam\u00edlias de origem. &#8220;Agora, em comemora\u00e7\u00e3o aos dois anos, achamos necess\u00e1rio promover esta campanha para tocar mais cora\u00e7\u00f5es. Esta sensibiliza\u00e7\u00e3o \u00e9 muito importante. Sempre sonhamos em investir em uma divulga\u00e7\u00e3o mais ampla, capaz de atingir v\u00e1rias pessoas. Estamos felizes com o desenvolvimento desta a\u00e7\u00e3o\u201d, comemora.<\/p>\n","protected":false},"excerpt":{"rendered":"<p>Nesta ter\u00e7a-feira (15) o Grupo Aconchego lan\u00e7a a campanha &#8220;Acolhimento tempor\u00e1rio, transforma\u00e7\u00e3o pra vida inteira&#8221;, para celebrar os dois anos do Servi\u00e7o Fam\u00edlia Acolhedora no DF e mobilizar novas fam\u00edlias volunt\u00e1rias que queiram fazer parte da iniciativa A psic\u00f3loga e coordenadora do programa no Aconchego, Julia Salvagni, conta que o objetivo \u00e9 incentivar a guarda familiar tempor\u00e1ria de crian\u00e7as que [&hellip;]<\/p>\n","protected":false},"author":27,"featured_media":0,"comment_status":"open","ping_status":"closed","sticky":false,"template":"","format":"standard","meta":{"footnotes":""},"categories":[2719],"tags":[1092,305,1242,18194,2784,14671],"class_list":["post-17620","post","type-post","status-publish","format-standard","hentry","category-servidor","tag-acolhimento","tag-campanha","tag-familia","tag-grupo-aconchego","tag-temporario","tag-voluntarias"],"_links":{"self":[{"href":"https:\/\/blogs.correiobraziliense.com.br\/servidor\/wp-json\/wp\/v2\/posts\/17620","targetHints":{"allow":["GET"]}}],"collection":[{"href":"https:\/\/blogs.correiobraziliense.com.br\/servidor\/wp-json\/wp\/v2\/posts"}],"about":[{"href":"https:\/\/blogs.correiobraziliense.com.br\/servidor\/wp-json\/wp\/v2\/types\/post"}],"author":[{"embeddable":true,"href":"https:\/\/blogs.correiobraziliense.com.br\/servidor\/wp-json\/wp\/v2\/users\/27"}],"replies":[{"embeddable":true,"href":"https:\/\/blogs.correiobraziliense.com.br\/servidor\/wp-json\/wp\/v2\/comments?post=17620"}],"version-history":[{"count":1,"href":"https:\/\/blogs.correiobraziliense.com.br\/servidor\/wp-json\/wp\/v2\/posts\/17620\/revisions"}],"predecessor-version":[{"id":17621,"href":"https:\/\/blogs.correiobraziliense.com.br\/servidor\/wp-json\/wp\/v2\/posts\/17620\/revisions\/17621"}],"wp:attachment":[{"href":"https:\/\/blogs.correiobraziliense.com.br\/servidor\/wp-json\/wp\/v2\/media?parent=17620"}],"wp:term":[{"taxonomy":"category","embeddable":true,"href":"https:\/\/blogs.correiobraziliense.com.br\/servidor\/wp-json\/wp\/v2\/categories?post=17620"},{"taxonomy":"post_tag","embeddable":true,"href":"https:\/\/blogs.correiobraziliense.com.br\/servidor\/wp-json\/wp\/v2\/tags?post=17620"}],"curies":[{"name":"wp","href":"https:\/\/api.w.org\/{rel}","templated":true}]}}