{"id":17618,"date":"2020-09-14T19:35:29","date_gmt":"2020-09-14T22:35:29","guid":{"rendered":"https:\/\/blogs.correiobraziliense.com.br\/servidor\/?p=17618"},"modified":"2020-09-14T19:35:29","modified_gmt":"2020-09-14T22:35:29","slug":"cancelada-a-58a-sessao-extraordinaria-do-cnj","status":"publish","type":"post","link":"https:\/\/blogs.correiobraziliense.com.br\/servidor\/cancelada-a-58a-sessao-extraordinaria-do-cnj\/","title":{"rendered":"Cancelada a 58\u00aa Sess\u00e3o Extraordin\u00e1ria do CNJ"},"content":{"rendered":"<p><em><strong>Por meio de nota, o\u00a0 Conselho Nacional de Justi\u00e7a (CNJ) informou o cancelamento da 58\u00aa Sess\u00e3o Extraordin\u00e1ria do \u00f3rg\u00e3o, agendada para esta ter\u00e7a-feira (15\/9), \u00e0s 15 horas, ap\u00f3s confirma\u00e7\u00e3o de que o presidente do CNJ, Luiz Fux, testou positivo para a Covid-19 e vai manter o isolamento social.<\/strong><\/em><\/p>\n<p>&#8220;A reuni\u00e3o plen\u00e1ria n\u00e3o previa ao julgamento de processos. Em ato solene, Fux presidiria a primeira sess\u00e3o do Conselho desde a posse no cargo de presidente, em 10 de setembro, com apresenta\u00e7\u00e3o de eixos da gest\u00e3o. At\u00e9 o momento, est\u00e1 mantida a realiza\u00e7\u00e3o da 318\u00aa Sess\u00e3o Ordin\u00e1ria, no dia 22 de setembro&#8221;, informa o CNJ.<\/p>\n","protected":false},"excerpt":{"rendered":"<p>Por meio de nota, o\u00a0 Conselho Nacional de Justi\u00e7a (CNJ) informou o cancelamento da 58\u00aa Sess\u00e3o Extraordin\u00e1ria do \u00f3rg\u00e3o, agendada para esta ter\u00e7a-feira (15\/9), \u00e0s 15 horas, ap\u00f3s confirma\u00e7\u00e3o de que o presidente do CNJ, Luiz Fux, testou positivo para a Covid-19 e vai manter o isolamento social. &#8220;A reuni\u00e3o plen\u00e1ria n\u00e3o previa ao julgamento de processos. Em ato solene, [&hellip;]<\/p>\n","protected":false},"author":27,"featured_media":0,"comment_status":"open","ping_status":"closed","sticky":false,"template":"","format":"standard","meta":{"footnotes":""},"categories":[2719],"tags":[4608,254,17924,17340,16828,35,4879,81,2227],"class_list":["post-17618","post","type-post","status-publish","format-standard","hentry","category-servidor","tag-cancelamento","tag-cnj","tag-covida-19","tag-isolamento-social","tag-luiz-fux","tag-ministro","tag-positivo","tag-presidente","tag-sessao"],"_links":{"self":[{"href":"https:\/\/blogs.correiobraziliense.com.br\/servidor\/wp-json\/wp\/v2\/posts\/17618","targetHints":{"allow":["GET"]}}],"collection":[{"href":"https:\/\/blogs.correiobraziliense.com.br\/servidor\/wp-json\/wp\/v2\/posts"}],"about":[{"href":"https:\/\/blogs.correiobraziliense.com.br\/servidor\/wp-json\/wp\/v2\/types\/post"}],"author":[{"embeddable":true,"href":"https:\/\/blogs.correiobraziliense.com.br\/servidor\/wp-json\/wp\/v2\/users\/27"}],"replies":[{"embeddable":true,"href":"https:\/\/blogs.correiobraziliense.com.br\/servidor\/wp-json\/wp\/v2\/comments?post=17618"}],"version-history":[{"count":1,"href":"https:\/\/blogs.correiobraziliense.com.br\/servidor\/wp-json\/wp\/v2\/posts\/17618\/revisions"}],"predecessor-version":[{"id":17619,"href":"https:\/\/blogs.correiobraziliense.com.br\/servidor\/wp-json\/wp\/v2\/posts\/17618\/revisions\/17619"}],"wp:attachment":[{"href":"https:\/\/blogs.correiobraziliense.com.br\/servidor\/wp-json\/wp\/v2\/media?parent=17618"}],"wp:term":[{"taxonomy":"category","embeddable":true,"href":"https:\/\/blogs.correiobraziliense.com.br\/servidor\/wp-json\/wp\/v2\/categories?post=17618"},{"taxonomy":"post_tag","embeddable":true,"href":"https:\/\/blogs.correiobraziliense.com.br\/servidor\/wp-json\/wp\/v2\/tags?post=17618"}],"curies":[{"name":"wp","href":"https:\/\/api.w.org\/{rel}","templated":true}]}}