{"id":17613,"date":"2020-09-14T12:33:30","date_gmt":"2020-09-14T15:33:30","guid":{"rendered":"https:\/\/blogs.correiobraziliense.com.br\/servidor\/?p=17613"},"modified":"2020-09-14T12:35:10","modified_gmt":"2020-09-14T15:35:10","slug":"com-reformas-servico-publico-no-pais-pode-economizar-ate-r-175-trilhao-em-20-anos","status":"publish","type":"post","link":"https:\/\/blogs.correiobraziliense.com.br\/servidor\/com-reformas-servico-publico-no-pais-pode-economizar-ate-r-175-trilhao-em-20-anos\/","title":{"rendered":"Com reformas, servi\u00e7o p\u00fablico no pa\u00eds pode economizar at\u00e9 R$ 1,75 trilh\u00e3o em 20 anos"},"content":{"rendered":"<p><em><strong>A nota t\u00e9cnica \u201cAjustes nas Despesas de Pessoal do Setor P\u00fablico: Cen\u00e1rios Explorat\u00f3rios para o Per\u00edodo de 2020 a 2039\u201d, do Instituto de Pesquisa Econ\u00f4mica Aplicada (Ipea) aponta que, se concretizados alguns par\u00e2metros de ajuste no quantitativo e nos sal\u00e1rios do funcionalismo, no per\u00edodo, o gasto com pessoal cai drasticamente, com enxugamento nas despesas que pode chegar a R$ 1,75 trilh\u00e3o, somados Uni\u00e3o Estados e munic\u00edpios. As simula\u00e7\u00f5es, no entanto, s\u00e3o com base em n\u00fameros incompletos de alguns entes. Por isso, os pr\u00f3prios t\u00e9cnicos do Ipea consideram que \u201co cen\u00e1rio \u00e9 pouco plaus\u00edvel\u201d.<\/strong><\/em><\/p>\n<p>Para ilustrar \u201cos impactos sob um caso extremo\u201d, no trabalho, foram avaliados os resultados de menores taxas de reposi\u00e7\u00e3o de servidores (n\u00e3o substituir um por um), de 50%, nas pr\u00f3ximas d\u00e9cadas, em rela\u00e7\u00e3o ao que era em 2019. Al\u00e9m de reestrutura\u00e7\u00e3o de cargos e sal\u00e1rios, para permitir aos que entrarem no servi\u00e7o p\u00fablico a redu\u00e7\u00e3o do sal\u00e1rio inicial (menor que o dos atuais), e alongamento do tempo necess\u00e1rio para chegar no topo da carreira. Al\u00e9m de medidas j\u00e1 tomadas pelo governo, como a Lei Complementar 173, que congelou as remunera\u00e7\u00f5es por dois anos, em 2020 e em 2021.<\/p>\n<p>O Ipea tamb\u00e9m destacou que n\u00e3o fez, nessa simula\u00e7\u00e3o, qualquer avalia\u00e7\u00e3o sobre a \u201cviabilidade dessas pol\u00edticas\u201d. E esclareceu que \u201cpara que a provis\u00e3o de servi\u00e7os p\u00fablicos n\u00e3o seja prejudicada, \u00e9 necess\u00e1rio que haja aumento concomitante de produtividade no setor p\u00fablico\u201d. O Instituto esclareceu, ainda, que, durante a crise da Covid-19, foi necess\u00e1rio e justificado interromper temporariamente o processo de consolida\u00e7\u00e3o fiscal. Por\u00e9m, passado o pior momento da crise, \u201cser\u00e1 necess\u00e1rio retomar esse processo e o controle dos gastos obrigat\u00f3rios \u00e9 pe\u00e7a chave\u201d, j\u00e1 que o governo central compromete 22% da despesa prim\u00e1ria total com o funcionalismo e o \u201cgovernos estaduais, 56,3% da despesa total e 76,1% da receita corrente l\u00edquida\u201d.<\/p>\n","protected":false},"excerpt":{"rendered":"<p>A nota t\u00e9cnica \u201cAjustes nas Despesas de Pessoal do Setor P\u00fablico: Cen\u00e1rios Explorat\u00f3rios para o Per\u00edodo de 2020 a 2039\u201d, do Instituto de Pesquisa Econ\u00f4mica Aplicada (Ipea) aponta que, se concretizados alguns par\u00e2metros de ajuste no quantitativo e nos sal\u00e1rios do funcionalismo, no per\u00edodo, o gasto com pessoal cai drasticamente, com enxugamento nas despesas que pode chegar a R$ 1,75 [&hellip;]<\/p>\n","protected":false},"author":27,"featured_media":0,"comment_status":"open","ping_status":"closed","sticky":false,"template":"","format":"standard","meta":{"footnotes":""},"categories":[2719],"tags":[55,17256,366,235,943,1164,1635,2027,944,1136,1376,882,30,58,330],"class_list":["post-17613","post","type-post","status-publish","format-standard","hentry","category-servidor","tag-carreiras","tag-covid-19","tag-crise","tag-despesas","tag-estados","tag-funcionalismo","tag-gasto","tag-ipea","tag-municipios","tag-produtividade","tag-reestruturacao","tag-reposicao","tag-salarios","tag-servidores","tag-uniao"],"_links":{"self":[{"href":"https:\/\/blogs.correiobraziliense.com.br\/servidor\/wp-json\/wp\/v2\/posts\/17613","targetHints":{"allow":["GET"]}}],"collection":[{"href":"https:\/\/blogs.correiobraziliense.com.br\/servidor\/wp-json\/wp\/v2\/posts"}],"about":[{"href":"https:\/\/blogs.correiobraziliense.com.br\/servidor\/wp-json\/wp\/v2\/types\/post"}],"author":[{"embeddable":true,"href":"https:\/\/blogs.correiobraziliense.com.br\/servidor\/wp-json\/wp\/v2\/users\/27"}],"replies":[{"embeddable":true,"href":"https:\/\/blogs.correiobraziliense.com.br\/servidor\/wp-json\/wp\/v2\/comments?post=17613"}],"version-history":[{"count":2,"href":"https:\/\/blogs.correiobraziliense.com.br\/servidor\/wp-json\/wp\/v2\/posts\/17613\/revisions"}],"predecessor-version":[{"id":17615,"href":"https:\/\/blogs.correiobraziliense.com.br\/servidor\/wp-json\/wp\/v2\/posts\/17613\/revisions\/17615"}],"wp:attachment":[{"href":"https:\/\/blogs.correiobraziliense.com.br\/servidor\/wp-json\/wp\/v2\/media?parent=17613"}],"wp:term":[{"taxonomy":"category","embeddable":true,"href":"https:\/\/blogs.correiobraziliense.com.br\/servidor\/wp-json\/wp\/v2\/categories?post=17613"},{"taxonomy":"post_tag","embeddable":true,"href":"https:\/\/blogs.correiobraziliense.com.br\/servidor\/wp-json\/wp\/v2\/tags?post=17613"}],"curies":[{"name":"wp","href":"https:\/\/api.w.org\/{rel}","templated":true}]}}