{"id":17595,"date":"2020-09-13T19:01:31","date_gmt":"2020-09-13T22:01:31","guid":{"rendered":"https:\/\/blogs.correiobraziliense.com.br\/servidor\/?p=17595"},"modified":"2020-09-13T19:02:10","modified_gmt":"2020-09-13T22:02:10","slug":"servidores-do-inss-farao-ato-contra-reabertura-das-agencias-amanha","status":"publish","type":"post","link":"https:\/\/blogs.correiobraziliense.com.br\/servidor\/servidores-do-inss-farao-ato-contra-reabertura-das-agencias-amanha\/","title":{"rendered":"Servidores do INSS far\u00e3o ato contra reabertura das ag\u00eancias, amanh\u00e3"},"content":{"rendered":"<p><em><strong>Pela manuten\u00e7\u00e3o do trabalho remoto, servidores far\u00e3o amanh\u00e3 (14) um ato de protesto, a partir das 9 horas, em frente \u00e0 administra\u00e7\u00e3o central do Instituto Nacional do Seguro Social (INSS), no Bloco O, do Setor de Autarquias Sul, em Bras\u00edlia\u00a0<\/strong><\/em><\/p>\n<p>Durante a manifesta\u00e7\u00e3o, com respeito ao distanciamento social, os funcion\u00e1rios v\u00e3o colocar v\u00e1rias cruzes simbolizando as v\u00edtimas da covid 19. Apesar de o secret\u00e1rio especial de Previd\u00eancia e Trabalho do Minist\u00e9rio da Economia, Bruno Bianco Leal, ter garantido, na \u00faltima sexta-feira, que 600 ag\u00eancias seriam abertas e que a greve sanit\u00e1ria que vem sendo divulgada pelos servidores\u00a0 \u201cn\u00e3o \u00e9 fact\u00edvel\u201d, desde 3 de setembro, o minist\u00e9rio foi informado sobre o movimento, &#8220;tendo em vista os \u00edndices alarmantes de contaminados e, infelizmente, de \u00f3bitos pela Covid-19 no Brasil e em Bras\u00edlia&#8221;.<\/p>\n<p>Em assembleia geral virtual , em todo o pa\u00eds, servidores e empregados p\u00fablicos federais aprovaram a greve sanit\u00e1ria a partir do dia 8. De acordo com o Sindsep-DF, o\u00a0resultado da assembleia foi informado por of\u00edcio ao Minist\u00e9rio da Economia. No documento, o sindicato ressalta que os trabalhadores do setor p\u00fablico n\u00e3o se recusam a continuar suas fun\u00e7\u00f5es remotamente, pois o teletrabalho, nesse momento de pandemia, n\u00e3o traz preju\u00edzo para a administra\u00e7\u00e3o e, principalmente, resguarda a sa\u00fade dos servidores e de seus familiares.<\/p>\n<p>&#8220;As medidas preventivas anunciadas pelos \u00f3rg\u00e3os da administra\u00e7\u00e3o federal n\u00e3o garantem salvaguarda contra a doen\u00e7a, haja vista que h\u00e1 v\u00e1rios casos de contamina\u00e7\u00e3o e, lamentavelmente, de morte de servidores que fazem parte de setores de servi\u00e7os essenciais. Portanto, os servidores se sentem inseguros com a possibilidade de risco iminente de cont\u00e1gio durante o trabalho presencial e no decorrer do deslocamento ao local de trabalho&#8221;, apontava a entidade.<\/p>\n<p>Segundo o secret\u00e1rio-geral do Sindsep-DF, Oton Pereira Neves, determinar o trabalho presencial para aqueles setores de atividades administrativas e burocr\u00e1ticas exp\u00f5e, desnecessariamente, os servidores \u00e0 infec\u00e7\u00e3o e vai na contram\u00e3o do enfrentamento ao novo Coronav\u00edrus. \u201c\u00c9 cada vez mais evidente que as restri\u00e7\u00f5es \u00e0 movimenta\u00e7\u00e3o e o distanciamento social devem continuar por serem as medidas mais eficazes e cientificamente comprovadas de se evitar o cont\u00e1gio\u201d, refor\u00e7a Neves..<\/p>\n","protected":false},"excerpt":{"rendered":"<p>Pela manuten\u00e7\u00e3o do trabalho remoto, servidores far\u00e3o amanh\u00e3 (14) um ato de protesto, a partir das 9 horas, em frente \u00e0 administra\u00e7\u00e3o central do Instituto Nacional do Seguro Social (INSS), no Bloco O, do Setor de Autarquias Sul, em Bras\u00edlia\u00a0 Durante a manifesta\u00e7\u00e3o, com respeito ao distanciamento social, os funcion\u00e1rios v\u00e3o colocar v\u00e1rias cruzes simbolizando as v\u00edtimas da covid 19. [&hellip;]<\/p>\n","protected":false},"author":27,"featured_media":0,"comment_status":"open","ping_status":"closed","sticky":false,"template":"","format":"standard","meta":{"footnotes":""},"categories":[2719],"tags":[638,879,17335,17256,17350,59,1341,17486,11,5039,540,5864,17255,718,24,7472,58,1584],"class_list":["post-17595","post","type-post","status-publish","format-standard","hentry","category-servidor","tag-abertura","tag-agencias","tag-contaminados","tag-covid-19","tag-distanciamento-social","tag-federais","tag-funcionarios","tag-greve-sanitaria","tag-inss","tag-mortes","tag-movimento","tag-obitos","tag-pandemia","tag-protesto","tag-publicos","tag-remoto","tag-servidores","tag-teletrabalho"],"_links":{"self":[{"href":"https:\/\/blogs.correiobraziliense.com.br\/servidor\/wp-json\/wp\/v2\/posts\/17595","targetHints":{"allow":["GET"]}}],"collection":[{"href":"https:\/\/blogs.correiobraziliense.com.br\/servidor\/wp-json\/wp\/v2\/posts"}],"about":[{"href":"https:\/\/blogs.correiobraziliense.com.br\/servidor\/wp-json\/wp\/v2\/types\/post"}],"author":[{"embeddable":true,"href":"https:\/\/blogs.correiobraziliense.com.br\/servidor\/wp-json\/wp\/v2\/users\/27"}],"replies":[{"embeddable":true,"href":"https:\/\/blogs.correiobraziliense.com.br\/servidor\/wp-json\/wp\/v2\/comments?post=17595"}],"version-history":[{"count":2,"href":"https:\/\/blogs.correiobraziliense.com.br\/servidor\/wp-json\/wp\/v2\/posts\/17595\/revisions"}],"predecessor-version":[{"id":17597,"href":"https:\/\/blogs.correiobraziliense.com.br\/servidor\/wp-json\/wp\/v2\/posts\/17595\/revisions\/17597"}],"wp:attachment":[{"href":"https:\/\/blogs.correiobraziliense.com.br\/servidor\/wp-json\/wp\/v2\/media?parent=17595"}],"wp:term":[{"taxonomy":"category","embeddable":true,"href":"https:\/\/blogs.correiobraziliense.com.br\/servidor\/wp-json\/wp\/v2\/categories?post=17595"},{"taxonomy":"post_tag","embeddable":true,"href":"https:\/\/blogs.correiobraziliense.com.br\/servidor\/wp-json\/wp\/v2\/tags?post=17595"}],"curies":[{"name":"wp","href":"https:\/\/api.w.org\/{rel}","templated":true}]}}