{"id":17587,"date":"2020-09-11T15:31:14","date_gmt":"2020-09-11T18:31:14","guid":{"rendered":"https:\/\/blogs.correiobraziliense.com.br\/servidor\/?p=17587"},"modified":"2020-09-11T15:34:54","modified_gmt":"2020-09-11T18:34:54","slug":"servidores-em-atividades-especiais-podem-requerer-aposentadoria-imediata","status":"publish","type":"post","link":"https:\/\/blogs.correiobraziliense.com.br\/servidor\/servidores-em-atividades-especiais-podem-requerer-aposentadoria-imediata\/","title":{"rendered":"Servidores em atividades especiais podem requerer aposentadoria imediata"},"content":{"rendered":"<p><strong><em>Decis\u00e3o do STF, que corrigiu inconstitucionalidade, pode gerar repara\u00e7\u00e3o superior a R$ 200 mil. Especialista afirma que a<\/em> convers\u00e3o do tempo especial em tempo comum para aposentadoria corrige antiga pr\u00e1tica contra os servidores p\u00fablicos, especialmente os de cargos privativos de profissionais da sa\u00fade<\/strong><\/p>\n<p>O Supremo Tribunal Federal (STF) decidiu que \u00e9 constitucional a aplica\u00e7\u00e3o das regras do Regime Geral de Previd\u00eancia Social (RGPS) aos servidores p\u00fablicos que exercem atividades especiais, nocivas \u00e0 sa\u00fade ou \u00e0 integridade f\u00edsica. A decis\u00e3o, segundo o advogado Paulo Liporaci, especialista em Direito Administrativo, permite aposentadoria imediata e repara\u00e7\u00e3o que pode superar R$ 200 mil para alguns desses servidores.<\/p>\n<p>Os ministros entenderam ser poss\u00edvel averbar o tempo de servi\u00e7o prestado nessas fun\u00e7\u00f5es, com convers\u00e3o de tempo especial em comum, com contagem diferenciada. A decis\u00e3o teve a repercuss\u00e3o geral reconhecida.<\/p>\n<p>Para o advogado Paulo Liporaci, especialista em Direito Administrativo, o reconhecimento, pelo STF, do direito \u00e0 convers\u00e3o do tempo especial em tempo comum para fins de aposentadoria representa a corre\u00e7\u00e3o de uma antiga inconstitucionalidade praticada contra os servidores p\u00fablicos, especialmente os ocupantes de cargos privativos de profissionais da sa\u00fade.<\/p>\n<p>\u201c\u00c0 luz desse novo posicionamento do Supremo, grande parcela dos servidores que laboram expostos a condi\u00e7\u00f5es insalubres poder\u00e3o se aposentar imediatamente e, em certos casos, exigir repara\u00e7\u00e3o do Estado pelo per\u00edodo trabalhado al\u00e9m do que era devido\u201d, explica.\u00a0O advogado ressalta que com essa decis\u00e3o, esses aposentados ter\u00e3o que, necessariamente, entrar na justi\u00e7a para garantir esses direitos.<\/p>\n<p>\u201cPara garantir a aposentaria nessas hip\u00f3teses, todos os servidores interessados dever\u00e3o, a priori, acionar o Estado pela via judicial. Analisados os documentos da vida funcional do servidor e constatado que ele laborou durante 25 anos sob condi\u00e7\u00f5es insalubres, surge o seu direito \u00e0 aposentadoria. Se ele tiver completado esses 25 anos em per\u00edodo pret\u00e9rito, por exemplo, em 2017, faz jus a diferen\u00e7as remunerat\u00f3rias apuradas desde o momento em que adimpliu os requisitos\u201d.<\/p>\n<p>Paulo Liporaci destaca ainda que os valores variam de acordo com o cargo ocupado pelo servidor e podem superar R$ 200 mil em alguns casos.<\/p>\n","protected":false},"excerpt":{"rendered":"<p>Decis\u00e3o do STF, que corrigiu inconstitucionalidade, pode gerar repara\u00e7\u00e3o superior a R$ 200 mil. Especialista afirma que a convers\u00e3o do tempo especial em tempo comum para aposentadoria corrige antiga pr\u00e1tica contra os servidores p\u00fablicos, especialmente os de cargos privativos de profissionais da sa\u00fade O Supremo Tribunal Federal (STF) decidiu que \u00e9 constitucional a aplica\u00e7\u00e3o das regras do Regime Geral de [&hellip;]<\/p>\n","protected":false},"author":27,"featured_media":14118,"comment_status":"open","ping_status":"closed","sticky":false,"template":"","format":"standard","meta":{"footnotes":""},"categories":[2719],"tags":[6,18189,18190,791,5997,4966,7982,1202,27,1065,573,2715,1075,13660,5771,616,58,34,2019],"class_list":["post-17587","post","type-post","status-publish","format-standard","has-post-thumbnail","hentry","category-servidor","tag-aposentadoria","tag-atividades-especiais","tag-averbar","tag-cargos","tag-comum","tag-contagem","tag-conversao","tag-especial","tag-fisica","tag-funcoes","tag-inconstitucionalidade","tag-integridade","tag-profissionais","tag-reparacao","tag-repercussao-geral","tag-saude","tag-servidores","tag-stf","tag-tempo"],"_links":{"self":[{"href":"https:\/\/blogs.correiobraziliense.com.br\/servidor\/wp-json\/wp\/v2\/posts\/17587","targetHints":{"allow":["GET"]}}],"collection":[{"href":"https:\/\/blogs.correiobraziliense.com.br\/servidor\/wp-json\/wp\/v2\/posts"}],"about":[{"href":"https:\/\/blogs.correiobraziliense.com.br\/servidor\/wp-json\/wp\/v2\/types\/post"}],"author":[{"embeddable":true,"href":"https:\/\/blogs.correiobraziliense.com.br\/servidor\/wp-json\/wp\/v2\/users\/27"}],"replies":[{"embeddable":true,"href":"https:\/\/blogs.correiobraziliense.com.br\/servidor\/wp-json\/wp\/v2\/comments?post=17587"}],"version-history":[{"count":1,"href":"https:\/\/blogs.correiobraziliense.com.br\/servidor\/wp-json\/wp\/v2\/posts\/17587\/revisions"}],"predecessor-version":[{"id":17588,"href":"https:\/\/blogs.correiobraziliense.com.br\/servidor\/wp-json\/wp\/v2\/posts\/17587\/revisions\/17588"}],"wp:featuredmedia":[{"embeddable":true,"href":"https:\/\/blogs.correiobraziliense.com.br\/servidor\/wp-json\/wp\/v2\/media\/14118"}],"wp:attachment":[{"href":"https:\/\/blogs.correiobraziliense.com.br\/servidor\/wp-json\/wp\/v2\/media?parent=17587"}],"wp:term":[{"taxonomy":"category","embeddable":true,"href":"https:\/\/blogs.correiobraziliense.com.br\/servidor\/wp-json\/wp\/v2\/categories?post=17587"},{"taxonomy":"post_tag","embeddable":true,"href":"https:\/\/blogs.correiobraziliense.com.br\/servidor\/wp-json\/wp\/v2\/tags?post=17587"}],"curies":[{"name":"wp","href":"https:\/\/api.w.org\/{rel}","templated":true}]}}