{"id":17583,"date":"2020-09-11T15:09:43","date_gmt":"2020-09-11T18:09:43","guid":{"rendered":"https:\/\/blogs.correiobraziliense.com.br\/servidor\/?p=17583"},"modified":"2020-09-11T15:09:43","modified_gmt":"2020-09-11T18:09:43","slug":"pesquisa-de-opiniao-aponta-que-sociedade-e-contra-privatizacao-da-caixa","status":"publish","type":"post","link":"https:\/\/blogs.correiobraziliense.com.br\/servidor\/pesquisa-de-opiniao-aponta-que-sociedade-e-contra-privatizacao-da-caixa\/","title":{"rendered":"Pesquisa de opini\u00e3o aponta que sociedade \u00e9 contra privatiza\u00e7\u00e3o da Caixa"},"content":{"rendered":"<p><em><strong>Levantamento mostra que metade dos entrevistados rejeita venda do banco p\u00fablico. De acordo com a Federa\u00e7\u00e3o Nacional das Associa\u00e7\u00f5es do Pessoal da Caixa Econ\u00f4mica Federal (Fenae), os &#8220;brasileiros sabem que a institui\u00e7\u00e3o \u00e9 essencial ao pa\u00eds&#8221;<\/strong><\/em><\/p>\n<p>No Congresso, aponta a Fenae, enquete sobre MP 995 ultrapassa 20 mil participa\u00e7\u00f5es, com 97% contr\u00e1rios \u00e0 entrega da estatal para iniciativa privada.\u00a0Editada no \u00faltimo dia 7 de agosto para abrir caminho \u00e0 venda do banco, a Medida Provis\u00f3ria 995\/2020, em tramita\u00e7\u00e3o no Congresso Nacional, tem 97% de rejei\u00e7\u00e3o na enquete aberta sobre a MP. De um total de 20.024 participa\u00e7\u00f5es (at\u00e9 o in\u00edcio da noite de ontem, 10), 19.045 opini\u00f5es s\u00e3o contr\u00e1rias \u00e0 entrega da estatal \u00e0 iniciativa privada.<\/p>\n<p>A Federa\u00e7\u00e3o lembra, tamb\u00e9m, que levantamento da Revista Exame em parceria com o Ideia, instituto especializado em opini\u00e3o p\u00fablica, no qual praticamente metade dos entrevistados (49%) disse discordar da venda da Caixa \u2014 respons\u00e1vel pelo financiamento de programas e a\u00e7\u00f5es sociais do pa\u00eds e tamb\u00e9m pelo pagamento centralizado do aux\u00edlio e do FGTS emergenciais para mais de 100 milh\u00f5es de pessoas: metade da popula\u00e7\u00e3o.<\/p>\n<p>A pesquisa, em todas as regi\u00f5es, por telefone, entre os \u00faltimos dias 24 e 31 de agosto, mostra que apenas 22% \u00e9 a favor da privatiza\u00e7\u00e3o da Caixa. O restante dos 1.235 entrevistados foi neutro (19%) ou n\u00e3o soube opinar (9%).<\/p>\n<p>Outra pesquisa, em julho pela Revista F\u00f3rum, aferiu que 60,6% das mil pessoas ouvidas s\u00e3o contr\u00e1rias \u00e0 privatiza\u00e7\u00e3o da Caixa Econ\u00f4mica, enumera a Fenae. \u201cOs brasileiros sabem que a institui\u00e7\u00e3o \u00e9 essencial ao pa\u00eds e valorizam a Caixa\u201d, destaca o presidente da Fenae, S\u00e9rgio Takemoto. \u201cAs pessoas reconhecem que a empresa p\u00fablica cumpre um papel social imprescind\u00edvel; especialmente, para a popula\u00e7\u00e3o mais carente e que n\u00e3o \u00e9 vista pelos bancos privados\u201d, refor\u00e7a.<\/p>\n<p>A Fenae reitera que, tanto o levantamento feito pela Exame quanto o da F\u00f3rum revelam que, al\u00e9m da Caixa, a sociedade entende a necessidade de preserva\u00e7\u00e3o de outras estatais. &#8220;Na pesquisa divulgada nesta quinta-feira, a maioria dos entrevistados (41%) tamb\u00e9m se posicionou contra a privatiza\u00e7\u00e3o da Petrobras (ante 28% a favor, 20% neutros e 12% que n\u00e3o souberam responder). No levantamento da F\u00f3rum, mais da metade dos participantes (57%) rejeita a venda da empresa brasileira de explora\u00e7\u00e3o de petr\u00f3leo&#8221;.<\/p>\n<p>A preserva\u00e7\u00e3o da Petrobras e do patrim\u00f4nio p\u00fablico motivou o ajuizamento de A\u00e7\u00e3o Direta de Inconstitucionalidade (ADI) pela Fenae e a Confedera\u00e7\u00e3o Nacional dos Trabalhadores do Ramo Financeiro (Contraf\/CUT) no Supremo Tribunal Federal (STF). A ADI 5.624 questiona os processos de privatiza\u00e7\u00e3o e venda de estatais e suas subsidi\u00e1rias, a exemplo da Petrobras.<\/p>\n<p><strong>Mobiliza\u00e7\u00e3o social<\/strong><\/p>\n<p>Um total de 412 emendas \u00e0 Medida Provis\u00f3ria 995 foram apresentadas por deputados e senadores; mais de uma dezena delas, sugeridas pela Fenae. Al\u00e9m disso, 284 parlamentares e entidades da sociedade civil assinam Manifesto da Federa\u00e7\u00e3o contra a MP e a privatiza\u00e7\u00e3o da Caixa.<\/p>\n<p>&#8220;A inconstitucionalidade da Medida Provis\u00f3ria 995 e a utiliza\u00e7\u00e3o deste instrumento como manobra do governo para privatizar o banco \u2014 sem autoriza\u00e7\u00e3o do Congresso e desrespeitando, al\u00e9m da Constitui\u00e7\u00e3o, o STF \u2014 chamou tamb\u00e9m a aten\u00e7\u00e3o de \u00f3rg\u00e3os de controle do pa\u00eds. O subprocurador-geral do Minist\u00e9rio P\u00fablico Federal junto ao Tribunal de Contas da Uni\u00e3o, Lucas Rocha Furtado, entrou com uma representa\u00e7\u00e3o para que o TCU apure os ind\u00edcios de irregularidades no processo de venda da Caixa e de subsidi\u00e1rias do banco&#8221;, enfatiza a federa\u00e7\u00e3o.<\/p>\n<p>&nbsp;<\/p>\n","protected":false},"excerpt":{"rendered":"<p>Levantamento mostra que metade dos entrevistados rejeita venda do banco p\u00fablico. De acordo com a Federa\u00e7\u00e3o Nacional das Associa\u00e7\u00f5es do Pessoal da Caixa Econ\u00f4mica Federal (Fenae), os &#8220;brasileiros sabem que a institui\u00e7\u00e3o \u00e9 essencial ao pa\u00eds&#8221; No Congresso, aponta a Fenae, enquete sobre MP 995 ultrapassa 20 mil participa\u00e7\u00f5es, com 97% contr\u00e1rios \u00e0 entrega da estatal para iniciativa privada.\u00a0Editada no [&hellip;]<\/p>\n","protected":false},"author":27,"featured_media":0,"comment_status":"open","ping_status":"closed","sticky":false,"template":"","format":"standard","meta":{"footnotes":""},"categories":[2719],"tags":[16641,18186,17262,701,693,2422,2523,16335,685,9673,18185,1001,2771,351],"class_list":["post-17583","post","type-post","status-publish","format-standard","hentry","category-servidor","tag-16641","tag-acoes-sociais","tag-auxilio-emergencial","tag-caixa-economica-federal","tag-congresso-nacional","tag-enquete","tag-estatal","tag-fenae","tag-fgts","tag-iniciativa-privada","tag-mp-955","tag-privatizacao","tag-rejeicao","tag-sociedade"],"_links":{"self":[{"href":"https:\/\/blogs.correiobraziliense.com.br\/servidor\/wp-json\/wp\/v2\/posts\/17583","targetHints":{"allow":["GET"]}}],"collection":[{"href":"https:\/\/blogs.correiobraziliense.com.br\/servidor\/wp-json\/wp\/v2\/posts"}],"about":[{"href":"https:\/\/blogs.correiobraziliense.com.br\/servidor\/wp-json\/wp\/v2\/types\/post"}],"author":[{"embeddable":true,"href":"https:\/\/blogs.correiobraziliense.com.br\/servidor\/wp-json\/wp\/v2\/users\/27"}],"replies":[{"embeddable":true,"href":"https:\/\/blogs.correiobraziliense.com.br\/servidor\/wp-json\/wp\/v2\/comments?post=17583"}],"version-history":[{"count":1,"href":"https:\/\/blogs.correiobraziliense.com.br\/servidor\/wp-json\/wp\/v2\/posts\/17583\/revisions"}],"predecessor-version":[{"id":17584,"href":"https:\/\/blogs.correiobraziliense.com.br\/servidor\/wp-json\/wp\/v2\/posts\/17583\/revisions\/17584"}],"wp:attachment":[{"href":"https:\/\/blogs.correiobraziliense.com.br\/servidor\/wp-json\/wp\/v2\/media?parent=17583"}],"wp:term":[{"taxonomy":"category","embeddable":true,"href":"https:\/\/blogs.correiobraziliense.com.br\/servidor\/wp-json\/wp\/v2\/categories?post=17583"},{"taxonomy":"post_tag","embeddable":true,"href":"https:\/\/blogs.correiobraziliense.com.br\/servidor\/wp-json\/wp\/v2\/tags?post=17583"}],"curies":[{"name":"wp","href":"https:\/\/api.w.org\/{rel}","templated":true}]}}