{"id":17568,"date":"2020-09-10T21:17:58","date_gmt":"2020-09-11T00:17:58","guid":{"rendered":"https:\/\/blogs.correiobraziliense.com.br\/servidor\/?p=17568"},"modified":"2020-09-10T21:17:58","modified_gmt":"2020-09-11T00:17:58","slug":"justica-reconhece-isencao-de-ir-a-aposentado-com-doenca-grave-diagnosticada-ha-mais-de-cinco-anos-e-ausencia-de-cura-presumida","status":"publish","type":"post","link":"https:\/\/blogs.correiobraziliense.com.br\/servidor\/justica-reconhece-isencao-de-ir-a-aposentado-com-doenca-grave-diagnosticada-ha-mais-de-cinco-anos-e-ausencia-de-cura-presumida\/","title":{"rendered":"Justi\u00e7a reconhece isen\u00e7\u00e3o de IR a aposentado com doen\u00e7a grave diagnosticada h\u00e1 mais de cinco anos e aus\u00eancia de cura presumida"},"content":{"rendered":"<p><em><strong>Magistrado da 14\u00aa Vara Federal da Se\u00e7\u00e3o Judici\u00e1ria do Distrito Federal concedeu o direito de isen\u00e7\u00e3o de Imposto sobre a Renda a um servidor p\u00fablico aposentado, diagnosticado com uma neploasia maligna (c\u00e2ncer) h\u00e1 mais de cinco anos, com base no Art. 6\u00ba, XIV, da Lei n\u00ba. 7.713.<\/strong><\/em><\/p>\n<p>A a\u00e7\u00e3o foi ajuizada porque a administra\u00e7\u00e3o negou v\u00e1rias vezes os pedidos do aposentado, mesmo ap\u00f3s avalia\u00e7\u00e3o pela junta m\u00e9dica, que reconheceu o diagn\u00f3stico, de direito \u00e0 isen\u00e7\u00e3o pela doen\u00e7a h\u00e1 mais de cinco anos. O entendimento da administra\u00e7\u00e3o, diante da aus\u00eancia de sintomas ativos, era com base em orienta\u00e7\u00f5es da Secretaria da Receita Federal.<\/p>\n<p>Para o advogado Danilo Prudente, s\u00f3cio do escrit\u00f3rio Mauro Menezes &amp; Advogados, \u201ctrata-se do mero reconhecimento de um direito que j\u00e1 \u00e9 pacificamente reconhecido pelos tribunais p\u00e1trios e que continua sendo, de forma irregular, vedado aos aposentados em sede administrativa, o que gera a necessidade da realiza\u00e7\u00e3o das cobran\u00e7as em sede judicial.\u201d<\/p>\n<p>Leandro Madureira, s\u00f3cio do mesmo escrit\u00f3rio e coordenador da subcoordena\u00e7\u00e3o de direito p\u00fablico, afirma que \u201ca decis\u00e3o \u00e9 importante porque garante o direito do servidor ao longo do tempo. N\u00e3o \u00e9 porque o c\u00e2ncer surgiu h\u00e1 mais de cinco anos que o paciente n\u00e3o fa\u00e7a jus \u00e0 isen\u00e7\u00e3o do imposto de renda. O objetivo \u00e9 garantir a aplica\u00e7\u00e3o da lei, que n\u00e3o prev\u00ea essa limita\u00e7\u00e3o\u201d.<\/p>\n<p>Na processo judicial, em resposta ao pedido, a Fazenda Nacional de manifestou reconhecendo que havia direito \u00e0 isen\u00e7\u00e3o do imposto sobre a renda no caso do aposentado, conforme entendimento do Superior Tribunal de Justi\u00e7a (STJ), que garante a isen\u00e7\u00e3o aos aposentados portadores de doen\u00e7as graves mesmo nos casos em que os sintomas n\u00e3o estejam ativos e que o diagn\u00f3stico seja antigo, uma vez que apenas um laudo de cura t\u00e9cnica poderia afastar o direito em quest\u00e3o.<\/p>\n<p>Com isso, o aposentado teve o reconhecimento do direito \u00e0 devolu\u00e7\u00e3o de todos os valores cobrados indevidamente desde o ano da sua aposentadoria, em 2017, com a garantia de implementa\u00e7\u00e3o imediata em seu contracheque da isen\u00e7\u00e3o do imposto sobre a renda.<\/p>\n","protected":false},"excerpt":{"rendered":"<p>Magistrado da 14\u00aa Vara Federal da Se\u00e7\u00e3o Judici\u00e1ria do Distrito Federal concedeu o direito de isen\u00e7\u00e3o de Imposto sobre a Renda a um servidor p\u00fablico aposentado, diagnosticado com uma neploasia maligna (c\u00e2ncer) h\u00e1 mais de cinco anos, com base no Art. 6\u00ba, XIV, da Lei n\u00ba. 7.713. A a\u00e7\u00e3o foi ajuizada porque a administra\u00e7\u00e3o negou v\u00e1rias vezes os pedidos do [&hellip;]<\/p>\n","protected":false},"author":27,"featured_media":0,"comment_status":"open","ping_status":"closed","sticky":false,"template":"","format":"standard","meta":{"footnotes":""},"categories":[2719],"tags":[1191,2536,785,13333,9063,3685,934,355,447,6125,18183,260,294,12533],"class_list":["post-17568","post","type-post","status-publish","format-standard","hentry","category-servidor","tag-administracao","tag-aposentado","tag-cancer","tag-cura","tag-diagnosticada","tag-doenca","tag-grave","tag-imposto-de-renda","tag-ir","tag-isencao","tag-junta-medica","tag-justica","tag-receita-federal","tag-sintomas"],"_links":{"self":[{"href":"https:\/\/blogs.correiobraziliense.com.br\/servidor\/wp-json\/wp\/v2\/posts\/17568","targetHints":{"allow":["GET"]}}],"collection":[{"href":"https:\/\/blogs.correiobraziliense.com.br\/servidor\/wp-json\/wp\/v2\/posts"}],"about":[{"href":"https:\/\/blogs.correiobraziliense.com.br\/servidor\/wp-json\/wp\/v2\/types\/post"}],"author":[{"embeddable":true,"href":"https:\/\/blogs.correiobraziliense.com.br\/servidor\/wp-json\/wp\/v2\/users\/27"}],"replies":[{"embeddable":true,"href":"https:\/\/blogs.correiobraziliense.com.br\/servidor\/wp-json\/wp\/v2\/comments?post=17568"}],"version-history":[{"count":1,"href":"https:\/\/blogs.correiobraziliense.com.br\/servidor\/wp-json\/wp\/v2\/posts\/17568\/revisions"}],"predecessor-version":[{"id":17569,"href":"https:\/\/blogs.correiobraziliense.com.br\/servidor\/wp-json\/wp\/v2\/posts\/17568\/revisions\/17569"}],"wp:attachment":[{"href":"https:\/\/blogs.correiobraziliense.com.br\/servidor\/wp-json\/wp\/v2\/media?parent=17568"}],"wp:term":[{"taxonomy":"category","embeddable":true,"href":"https:\/\/blogs.correiobraziliense.com.br\/servidor\/wp-json\/wp\/v2\/categories?post=17568"},{"taxonomy":"post_tag","embeddable":true,"href":"https:\/\/blogs.correiobraziliense.com.br\/servidor\/wp-json\/wp\/v2\/tags?post=17568"}],"curies":[{"name":"wp","href":"https:\/\/api.w.org\/{rel}","templated":true}]}}