{"id":17556,"date":"2020-09-09T21:00:52","date_gmt":"2020-09-10T00:00:52","guid":{"rendered":"https:\/\/blogs.correiobraziliense.com.br\/servidor\/?p=17556"},"modified":"2020-09-09T21:00:52","modified_gmt":"2020-09-10T00:00:52","slug":"tst-faz-audiencia-entre-correios-e-empregados-na-sexta-feira-11","status":"publish","type":"post","link":"https:\/\/blogs.correiobraziliense.com.br\/servidor\/tst-faz-audiencia-entre-correios-e-empregados-na-sexta-feira-11\/","title":{"rendered":"TST faz audi\u00eancia entre Correios e empregados na sexta-feira (11)"},"content":{"rendered":"<p><em><strong>A ministra K\u00e1tia Arruda, do Tribunal Superior do Trabalho (TST), marcou para a pr\u00f3xima sexta-feira (11), \u00e0s 15 horas, audi\u00eancia de concilia\u00e7\u00e3o da greve dos empregados da Empresa Brasileira de Correios e Tel\u00e9grafos (ECT), diante de solicita\u00e7\u00f5es apresentadas pelas entidades sindicais representantes dos empregados e pelo Minist\u00e9rio P\u00fablico do Trabalho (MPT)<\/strong><\/em><\/p>\n<p>A audi\u00eancia ser\u00e1 feita por meio de videoconfer\u00eancia, com a participa\u00e7\u00e3o restrita aos representantes das partes envolvidas no conflito e seus advogados, al\u00e9m dos representantes da Uni\u00e3o e do MPT e das partes interessadas admitidas pela ministra no processo.<\/p>\n<p>No diss\u00eddio coletivo, ajuizado em 2 de agosto, a ECT pede a declara\u00e7\u00e3o da abusividade da greve, iniciada em 17 de agosto. Como a empresa n\u00e3o aceitou a proposta do vice-presidente do TST, ministro Vieira de Mello Filho, o processo foi distribu\u00eddo \u00e0 ministra K\u00e1tia Arruda. Em 27 de agosto, a relatora determinou a manuten\u00e7\u00e3o do contingente m\u00ednimo de 70% em cada unidade, em raz\u00e3o da essencialidade do servi\u00e7o postal, e vedou o desconto dos dias de parados do sal\u00e1rio dos empregados.<\/p>\n","protected":false},"excerpt":{"rendered":"<p>A ministra K\u00e1tia Arruda, do Tribunal Superior do Trabalho (TST), marcou para a pr\u00f3xima sexta-feira (11), \u00e0s 15 horas, audi\u00eancia de concilia\u00e7\u00e3o da greve dos empregados da Empresa Brasileira de Correios e Tel\u00e9grafos (ECT), diante de solicita\u00e7\u00f5es apresentadas pelas entidades sindicais representantes dos empregados e pelo Minist\u00e9rio P\u00fablico do Trabalho (MPT) A audi\u00eancia ser\u00e1 feita por meio de videoconfer\u00eancia, com [&hellip;]<\/p>\n","protected":false},"author":27,"featured_media":0,"comment_status":"open","ping_status":"closed","sticky":false,"template":"","format":"standard","meta":{"footnotes":""},"categories":[2719],"tags":[1238,20,414,891,15,18176,3474,3801,503,17266],"class_list":["post-17556","post","type-post","status-publish","format-standard","hentry","category-servidor","tag-conciliacao","tag-correios","tag-ect","tag-empregados","tag-greve","tag-l-audiencia","tag-mpt","tag-sindicatos","tag-tst","tag-videoconferencia"],"_links":{"self":[{"href":"https:\/\/blogs.correiobraziliense.com.br\/servidor\/wp-json\/wp\/v2\/posts\/17556","targetHints":{"allow":["GET"]}}],"collection":[{"href":"https:\/\/blogs.correiobraziliense.com.br\/servidor\/wp-json\/wp\/v2\/posts"}],"about":[{"href":"https:\/\/blogs.correiobraziliense.com.br\/servidor\/wp-json\/wp\/v2\/types\/post"}],"author":[{"embeddable":true,"href":"https:\/\/blogs.correiobraziliense.com.br\/servidor\/wp-json\/wp\/v2\/users\/27"}],"replies":[{"embeddable":true,"href":"https:\/\/blogs.correiobraziliense.com.br\/servidor\/wp-json\/wp\/v2\/comments?post=17556"}],"version-history":[{"count":1,"href":"https:\/\/blogs.correiobraziliense.com.br\/servidor\/wp-json\/wp\/v2\/posts\/17556\/revisions"}],"predecessor-version":[{"id":17557,"href":"https:\/\/blogs.correiobraziliense.com.br\/servidor\/wp-json\/wp\/v2\/posts\/17556\/revisions\/17557"}],"wp:attachment":[{"href":"https:\/\/blogs.correiobraziliense.com.br\/servidor\/wp-json\/wp\/v2\/media?parent=17556"}],"wp:term":[{"taxonomy":"category","embeddable":true,"href":"https:\/\/blogs.correiobraziliense.com.br\/servidor\/wp-json\/wp\/v2\/categories?post=17556"},{"taxonomy":"post_tag","embeddable":true,"href":"https:\/\/blogs.correiobraziliense.com.br\/servidor\/wp-json\/wp\/v2\/tags?post=17556"}],"curies":[{"name":"wp","href":"https:\/\/api.w.org\/{rel}","templated":true}]}}