{"id":1752,"date":"2016-06-01T15:59:33","date_gmt":"2016-06-01T18:59:33","guid":{"rendered":"https:\/\/blogs.correiobraziliense.com.br\/servidor\/?p=1752"},"modified":"2016-06-01T23:13:45","modified_gmt":"2016-06-02T02:13:45","slug":"planejamento-reajuste-dos-servidores-em-2016-nao-causarao-impacto-adicional-no-orcamento","status":"publish","type":"post","link":"https:\/\/blogs.correiobraziliense.com.br\/servidor\/planejamento-reajuste-dos-servidores-em-2016-nao-causarao-impacto-adicional-no-orcamento\/","title":{"rendered":"PLANEJAMENTO &#8211; REAJUSTE DOS SERVIDORES EM 2016 N\u00c3O CAUSAR\u00c1 IMPACTO ADICIONAL NO OR\u00c7AMENTO"},"content":{"rendered":"<p><em>Minist\u00e9rio do Planejamento informa que os recursos j\u00e1 estavam assegurados na Lei Or\u00e7ament\u00e1ria Anual de 2016. Projetos s\u00e3o\u00a0resultado de negocia\u00e7\u00e3o de aproximadamente oito meses<\/em><\/p>\n<p>Com a aprova\u00e7\u00e3o, pelo plen\u00e1rio, do regime de urg\u00eancia para a tramita\u00e7\u00e3o, a C\u00e2mara dos Deputados deve aprovar ainda este m\u00eas os projetos de lei que reajustam as remunera\u00e7\u00f5es de diversas carreiras do Poder Executivo Federal, segundo avalia\u00e7\u00e3o do \u00f3rg\u00e3o.\u00a0Os projetos foram resultado de um processo de negocia\u00e7\u00e3o que durou aproximadamente oito meses e resultou na assinatura de 32 termos de acordo com as lideran\u00e7as sindicais, assinalou o Planejamento.<\/p>\n<p>&nbsp;<\/p>\n<p>&#8220;Para todos os projetos, j\u00e1 haviam sido assegurados, na Lei Or\u00e7ament\u00e1ria Anual de 2016, os recursos necess\u00e1rios; por esse motivo, o reajuste n\u00e3o causar\u00e1\u00a0impacto adicional no or\u00e7amento desse ano. Os acordos estabelecem, para 2016, reajuste de 5,5% a partir de agosto. O impacto no exerc\u00edcio \u00e9 de R$ 4,230 bilh\u00f5es.<\/p>\n<p>&nbsp;<\/p>\n<p>Tamb\u00e9m ter\u00e3o tramita\u00e7\u00e3o em regime de urg\u00eancia os projetos de lei que contemplam servidores do Legislativo, magistrados, desembargadores e ministros de tribunais superiores, que tamb\u00e9m j\u00e1 est\u00e3o previstos no or\u00e7amento.&#8221;<\/p>\n","protected":false},"excerpt":{"rendered":"<p>Minist\u00e9rio do Planejamento informa que os recursos j\u00e1 estavam assegurados na Lei Or\u00e7ament\u00e1ria Anual de 2016. Projetos s\u00e3o\u00a0resultado de negocia\u00e7\u00e3o de aproximadamente oito meses Com a aprova\u00e7\u00e3o, pelo plen\u00e1rio, do regime de urg\u00eancia para a tramita\u00e7\u00e3o, a C\u00e2mara dos Deputados deve aprovar ainda este m\u00eas os projetos de lei que reajustam as remunera\u00e7\u00f5es de diversas carreiras do Poder Executivo Federal, [&hellip;]<\/p>\n","protected":false},"author":27,"featured_media":0,"comment_status":"open","ping_status":"closed","sticky":false,"template":"","format":"standard","meta":{"footnotes":""},"categories":[1],"tags":[2047,2046,1521,833,42,318,3,63,58],"class_list":["post-1752","post","type-post","status-publish","format-standard","hentry","category-sem-categoria","tag-acordos","tag-adicional","tag-assinatura","tag-impacto","tag-negociacao","tag-orcamento","tag-planejamento","tag-reajuste","tag-servidores"],"_links":{"self":[{"href":"https:\/\/blogs.correiobraziliense.com.br\/servidor\/wp-json\/wp\/v2\/posts\/1752","targetHints":{"allow":["GET"]}}],"collection":[{"href":"https:\/\/blogs.correiobraziliense.com.br\/servidor\/wp-json\/wp\/v2\/posts"}],"about":[{"href":"https:\/\/blogs.correiobraziliense.com.br\/servidor\/wp-json\/wp\/v2\/types\/post"}],"author":[{"embeddable":true,"href":"https:\/\/blogs.correiobraziliense.com.br\/servidor\/wp-json\/wp\/v2\/users\/27"}],"replies":[{"embeddable":true,"href":"https:\/\/blogs.correiobraziliense.com.br\/servidor\/wp-json\/wp\/v2\/comments?post=1752"}],"version-history":[{"count":2,"href":"https:\/\/blogs.correiobraziliense.com.br\/servidor\/wp-json\/wp\/v2\/posts\/1752\/revisions"}],"predecessor-version":[{"id":1757,"href":"https:\/\/blogs.correiobraziliense.com.br\/servidor\/wp-json\/wp\/v2\/posts\/1752\/revisions\/1757"}],"wp:attachment":[{"href":"https:\/\/blogs.correiobraziliense.com.br\/servidor\/wp-json\/wp\/v2\/media?parent=1752"}],"wp:term":[{"taxonomy":"category","embeddable":true,"href":"https:\/\/blogs.correiobraziliense.com.br\/servidor\/wp-json\/wp\/v2\/categories?post=1752"},{"taxonomy":"post_tag","embeddable":true,"href":"https:\/\/blogs.correiobraziliense.com.br\/servidor\/wp-json\/wp\/v2\/tags?post=1752"}],"curies":[{"name":"wp","href":"https:\/\/api.w.org\/{rel}","templated":true}]}}