{"id":17513,"date":"2020-09-04T17:10:10","date_gmt":"2020-09-04T20:10:10","guid":{"rendered":"https:\/\/blogs.correiobraziliense.com.br\/servidor\/?p=17513"},"modified":"2020-09-04T17:10:10","modified_gmt":"2020-09-04T20:10:10","slug":"anfip-reforma-administrativa-precariza-o-servico-publico","status":"publish","type":"post","link":"https:\/\/blogs.correiobraziliense.com.br\/servidor\/anfip-reforma-administrativa-precariza-o-servico-publico\/","title":{"rendered":"Anfip: Reforma administrativa precariza o servi\u00e7o p\u00fablico"},"content":{"rendered":"<p><em><strong>A Associa\u00e7\u00e3o Nacional dos Auditores Fiscais da Receita Federal (Anfip) destaca que &#8220;o\u00a0governo, sem fundamentar seu projeto em evid\u00eancias t\u00e9cnicas e estudos cient\u00edficos, apresenta uma proposta sem qualquer embasamento respons\u00e1vel, onde os principais pontos s\u00e3o a extin\u00e7\u00e3o do Regime Jur\u00eddico \u00danico (RJU) e o fim da estabilidade dos servidores p\u00fablicos&#8221;<\/strong><\/em><\/p>\n<p>Veja a nota:<\/p>\n<p>&#8220;A Anfip manifesta sua apreens\u00e3o e preocupa\u00e7\u00e3o com os encaminhamentos do Governo Federal , ao apresentar ao Congresso Nacional a Proposta de Emenda Constitucional n\u00b0 32\/2020, em 3 de setembro, que \u201caltera disposi\u00e7\u00f5es sobre servidores, empregados p\u00fablicos e organiza\u00e7\u00e3o administrativa\u201d.<\/p>\n<p>A referida PEC, chamada de Reforma Administrativa, inequivocamente, foi constru\u00edda e anunciada sem di\u00e1logo e sem interlocu\u00e7\u00e3o com as entidades representativas dos principais envolvidos e atingidos: os servidores p\u00fablicos.<\/p>\n<p>O governo, sem fundamentar seu projeto em evid\u00eancias t\u00e9cnicas e estudos cient\u00edficos, apresenta uma proposta sem qualquer embasamento respons\u00e1vel, onde os principais pontos s\u00e3o a extin\u00e7\u00e3o do Regime Jur\u00eddico \u00danico (RJU) e o fim da estabilidade dos servidores p\u00fablicos.<\/p>\n<p>Essa PEC com vi\u00e9s eminentemente fiscalista n\u00e3o traz qualquer melhoria para o servi\u00e7o p\u00fablico. O texto apresentado fomenta a instabilidade e a precariza\u00e7\u00e3o da administra\u00e7\u00e3o p\u00fablica, representando um retrocesso gigantesco, colocando por terra a perenidade do Estado brasileiro.<\/p>\n<p>Ao inv\u00e9s de contribuir para a moderniza\u00e7\u00e3o do Estado e a melhoria das entregas por parte do servi\u00e7o p\u00fablico, a proposta vai na contram\u00e3o disto, em especial num momento em que a pandemia e a mais violenta crise sanit\u00e1ria do mundo , mais exige do atendimento p\u00fablico de nosso Sistema \u00danico de Sa\u00fade (SUS) e todos os demais setores diretamente envolvidos no atendimento \u00e0 popula\u00e7\u00e3o.<\/p>\n<p>Apesar de defendermos um servi\u00e7o p\u00fablico de qualidade, repudiamos esta proposta n\u00e3o ancorada em um processo de legitima\u00e7\u00e3o pol\u00edtica, de consenso e participa\u00e7\u00e3o dos atores envolvidos que mant\u00e9m privil\u00e9gios de outros Poderes e massacra servidores da Uni\u00e3o, dos Estados, do DF e dos Munic\u00edpios.<\/p>\n<p>O projeto malfadado praticamente acaba com concursos p\u00fablicos e favorece o clientelismo e a corrup\u00e7\u00e3o ao trocar pessoas t\u00e9cnicas e independentes por cargos pol\u00edticos.<\/p>\n<p>Defendemos, sem tr\u00e9guas: a estabilidade para todos os servidores p\u00fablicos, para evitar persegui\u00e7\u00f5es pol\u00edticas, ass\u00e9dio institucional e moral e loteamento do Estado, remunera\u00e7\u00e3o adequada e condizente com as atribui\u00e7\u00f5es e responsabilidade e profissionaliza\u00e7\u00e3o e capacita\u00e7\u00e3o cont\u00ednuas.<\/p>\n<p>A estabilidade dos servidores p\u00fablicos concursados n\u00e3o \u00e9 privil\u00e9gio, \u00e9 garantia da sociedade e do Estado contra a corrup\u00e7\u00e3o e os desmandos dos governantes de plant\u00e3o..<br \/>\nCONSELHO EXECUTIVO&#8221;<\/p>\n","protected":false},"excerpt":{"rendered":"<p>A Associa\u00e7\u00e3o Nacional dos Auditores Fiscais da Receita Federal (Anfip) destaca que &#8220;o\u00a0governo, sem fundamentar seu projeto em evid\u00eancias t\u00e9cnicas e estudos cient\u00edficos, apresenta uma proposta sem qualquer embasamento respons\u00e1vel, onde os principais pontos s\u00e3o a extin\u00e7\u00e3o do Regime Jur\u00eddico \u00danico (RJU) e o fim da estabilidade dos servidores p\u00fablicos&#8221; Veja a nota: &#8220;A Anfip manifesta sua apreens\u00e3o e preocupa\u00e7\u00e3o [&hellip;]<\/p>\n","protected":false},"author":27,"featured_media":0,"comment_status":"open","ping_status":"closed","sticky":false,"template":"","format":"standard","meta":{"footnotes":""},"categories":[2719],"tags":[771,5237,693,620,1086,18171,98,18170,2961,15938,705,9340,58,2781],"class_list":["post-17513","post","type-post","status-publish","format-standard","hentry","category-servidor","tag-anfip","tag-cientificos","tag-congresso-nacional","tag-estabilidade","tag-estudos","tag-fiscalista","tag-governo","tag-pec-32-2020","tag-precarizacao","tag-reforma-administrativa","tag-retrocesso","tag-rju","tag-servidores","tag-tecnicos"],"_links":{"self":[{"href":"https:\/\/blogs.correiobraziliense.com.br\/servidor\/wp-json\/wp\/v2\/posts\/17513","targetHints":{"allow":["GET"]}}],"collection":[{"href":"https:\/\/blogs.correiobraziliense.com.br\/servidor\/wp-json\/wp\/v2\/posts"}],"about":[{"href":"https:\/\/blogs.correiobraziliense.com.br\/servidor\/wp-json\/wp\/v2\/types\/post"}],"author":[{"embeddable":true,"href":"https:\/\/blogs.correiobraziliense.com.br\/servidor\/wp-json\/wp\/v2\/users\/27"}],"replies":[{"embeddable":true,"href":"https:\/\/blogs.correiobraziliense.com.br\/servidor\/wp-json\/wp\/v2\/comments?post=17513"}],"version-history":[{"count":1,"href":"https:\/\/blogs.correiobraziliense.com.br\/servidor\/wp-json\/wp\/v2\/posts\/17513\/revisions"}],"predecessor-version":[{"id":17514,"href":"https:\/\/blogs.correiobraziliense.com.br\/servidor\/wp-json\/wp\/v2\/posts\/17513\/revisions\/17514"}],"wp:attachment":[{"href":"https:\/\/blogs.correiobraziliense.com.br\/servidor\/wp-json\/wp\/v2\/media?parent=17513"}],"wp:term":[{"taxonomy":"category","embeddable":true,"href":"https:\/\/blogs.correiobraziliense.com.br\/servidor\/wp-json\/wp\/v2\/categories?post=17513"},{"taxonomy":"post_tag","embeddable":true,"href":"https:\/\/blogs.correiobraziliense.com.br\/servidor\/wp-json\/wp\/v2\/tags?post=17513"}],"curies":[{"name":"wp","href":"https:\/\/api.w.org\/{rel}","templated":true}]}}