{"id":17491,"date":"2020-09-03T13:29:11","date_gmt":"2020-09-03T16:29:11","guid":{"rendered":"https:\/\/blogs.correiobraziliense.com.br\/servidor\/?p=17491"},"modified":"2020-09-03T13:29:11","modified_gmt":"2020-09-03T16:29:11","slug":"reforma-administrativa-para-os-novatos","status":"publish","type":"post","link":"https:\/\/blogs.correiobraziliense.com.br\/servidor\/reforma-administrativa-para-os-novatos\/","title":{"rendered":"Reforma administrativa para os novatos"},"content":{"rendered":"<p><em><strong>O primeiro informe do governo durante a apresenta\u00e7\u00e3o da Proposta de Emenda \u00e0 Constitui\u00e7\u00e3o (PEC)i que trata da reforma do Estado foi que a &#8220;estabilidade dos servidores que j\u00e1\u00a0ingressaram no servi\u00e7o p\u00fablico continua\u00a0nos mesmos termos da Constitui\u00e7\u00e3o atual&#8221;. E seus vencimento n\u00e3o ser\u00e3o reduzidos<\/strong><\/em><\/p>\n<p>A manuten\u00e7\u00e3o das regras para os antigos d\u00e1 aos que agora ocupam cargos &#8220;seguran\u00e7a jur\u00eddica&#8221;, j\u00e1 que seus contratos \u00e0 \u00e9poca da posse tinham outros crit\u00e9rios. O concurso p\u00fablico continua sendo a principal forma de acesso \u00e0 administra\u00e7\u00e3o. Mas o governo acha que as atuais regras engessam o Estado. As mudan\u00e7as agora propostas, al\u00e9m de modernizar o servi\u00e7o, tamb\u00e9m t\u00eam a inten\u00e7\u00e3o de atrair o &#8220;interesse dos profissionais de\u00a0excel\u00eancia&#8221;<\/p>\n<p>Outro objetivo destacado pelo Minist\u00e9rio da Economia, durante a apresenta\u00e7\u00e3o do texto da reforma administrativa \u00e9 &#8220;dar \u00e0 popula\u00e7\u00e3o a seguran\u00e7a de que\u00a0 &#8216;todos os atos ser\u00e3o\u00a0regidos pelo devido processo\u00a0administrativo de impessoalidade, manuten\u00e7\u00e3o da presta\u00e7\u00e3o de\u00a0servi\u00e7o mesmo com a troca de<br \/>\ngoverno e continuidade&#8221;.<\/p>\n<p><strong>O que precisa mudar?<\/strong><\/p>\n<p>O governo tem pressa em dispensar pessoal em caso de necessidade de ajuste fiscal. Nesse sentido, a primeira iniciativa \u00e9 extinguir o\u00a0Regime Jur\u00eddico \u00fanico (RJU) para os novos. O governo n\u00e3o quer mais que todos tenham o\u00a0mesmo v\u00ednculo e o mesmo grau de estabilidade, porque isso faz com que, quando a realidade muda, o governo fique sem imediata capacidade de resposta&#8221;<\/p>\n<p>Os antigos servidores somente poderiam ser dispensados &#8211; perder a vaga e a estabilidade &#8211; por\u00a0senten\u00e7a judicial transitada em julgado e por infra\u00e7\u00e3o disciplinar. Mas, a partir de agora, com novas formas de contrata\u00e7\u00e3o, sequer ser\u00e1 est\u00e1vel um dia e pode ser desligado a qualquer momento.<\/p>\n<p>O novo servidor poder\u00e1 acumular mais de um\u00a0cargo, observada compatibilidade de\u00a0hor\u00e1rio. Com exce\u00e7\u00e3o de\u00a0ocupante de cargo t\u00edpico de\u00a0Estado. Esses apenas poder\u00e3o exercer outra fun\u00e7\u00e3o se for doc\u00eancia ou\u00a0profiss\u00e3o de sa\u00fade. O que &#8220;torna mais competitivo o processo (de sele\u00e7\u00e3o),\u00a0valorizando o m\u00e9rito&#8221;.<\/p>\n<p>&nbsp;<\/p>\n","protected":false},"excerpt":{"rendered":"<p>O primeiro informe do governo durante a apresenta\u00e7\u00e3o da Proposta de Emenda \u00e0 Constitui\u00e7\u00e3o (PEC)i que trata da reforma do Estado foi que a &#8220;estabilidade dos servidores que j\u00e1\u00a0ingressaram no servi\u00e7o p\u00fablico continua\u00a0nos mesmos termos da Constitui\u00e7\u00e3o atual&#8221;. E seus vencimento n\u00e3o ser\u00e3o reduzidos A manuten\u00e7\u00e3o das regras para os antigos d\u00e1 aos que agora ocupam cargos &#8220;seguran\u00e7a jur\u00eddica&#8221;, j\u00e1 [&hellip;]<\/p>\n","protected":false},"author":27,"featured_media":0,"comment_status":"open","ping_status":"closed","sticky":false,"template":"","format":"standard","meta":{"footnotes":""},"categories":[2719],"tags":[93,172,1378,620,98,18159,15938],"class_list":["post-17491","post","type-post","status-publish","format-standard","hentry","category-servidor","tag-concurso","tag-contratacao","tag-dispensa","tag-estabilidade","tag-governo","tag-novatos","tag-reforma-administrativa"],"_links":{"self":[{"href":"https:\/\/blogs.correiobraziliense.com.br\/servidor\/wp-json\/wp\/v2\/posts\/17491","targetHints":{"allow":["GET"]}}],"collection":[{"href":"https:\/\/blogs.correiobraziliense.com.br\/servidor\/wp-json\/wp\/v2\/posts"}],"about":[{"href":"https:\/\/blogs.correiobraziliense.com.br\/servidor\/wp-json\/wp\/v2\/types\/post"}],"author":[{"embeddable":true,"href":"https:\/\/blogs.correiobraziliense.com.br\/servidor\/wp-json\/wp\/v2\/users\/27"}],"replies":[{"embeddable":true,"href":"https:\/\/blogs.correiobraziliense.com.br\/servidor\/wp-json\/wp\/v2\/comments?post=17491"}],"version-history":[{"count":1,"href":"https:\/\/blogs.correiobraziliense.com.br\/servidor\/wp-json\/wp\/v2\/posts\/17491\/revisions"}],"predecessor-version":[{"id":17492,"href":"https:\/\/blogs.correiobraziliense.com.br\/servidor\/wp-json\/wp\/v2\/posts\/17491\/revisions\/17492"}],"wp:attachment":[{"href":"https:\/\/blogs.correiobraziliense.com.br\/servidor\/wp-json\/wp\/v2\/media?parent=17491"}],"wp:term":[{"taxonomy":"category","embeddable":true,"href":"https:\/\/blogs.correiobraziliense.com.br\/servidor\/wp-json\/wp\/v2\/categories?post=17491"},{"taxonomy":"post_tag","embeddable":true,"href":"https:\/\/blogs.correiobraziliense.com.br\/servidor\/wp-json\/wp\/v2\/tags?post=17491"}],"curies":[{"name":"wp","href":"https:\/\/api.w.org\/{rel}","templated":true}]}}