{"id":1748,"date":"2016-06-01T14:01:27","date_gmt":"2016-06-01T17:01:27","guid":{"rendered":"https:\/\/blogs.correiobraziliense.com.br\/servidor\/?p=1748"},"modified":"2016-06-01T14:01:58","modified_gmt":"2016-06-01T17:01:58","slug":"servidores-do-ibge-repudiam-indicacao-de-empresario-para-dirigir-o-ibge","status":"publish","type":"post","link":"https:\/\/blogs.correiobraziliense.com.br\/servidor\/servidores-do-ibge-repudiam-indicacao-de-empresario-para-dirigir-o-ibge\/","title":{"rendered":"SERVIDORES DO IBGE REPUDIAM NOMEA\u00c7\u00c3O DE EMPRES\u00c1RIO PARA DIRIGIR O INSTITUTO"},"content":{"rendered":"<p><em>Por meio de nota, a Associa\u00e7\u00e3o Nacional dos Servidores do IBGE (AssIBGE-SN) contesta a indica\u00e7\u00e3o de Paulo Rabello de Castro e defende a convoca\u00e7\u00e3o de um congresso institucional para tra\u00e7ar as metas e o or\u00e7amento do Instituto, com ampla participa\u00e7\u00e3o da categoria, transparente e aberto \u00e0s contribui\u00e7\u00f5es da sociedade brasileira.<\/em><\/p>\n<p>Veja o documento na \u00edntegra:<\/p>\n<p>&#8220;Nem bem o IBGE encerrou as comemora\u00e7\u00f5es de seus 80 anos de exist\u00eancia e os ibgeanos s\u00e3o surpreendidos com a not\u00edcia de que o governo interino de Michel Temer pretende nomear o senhor Paulo Rabello de Castro para presidir o Instituto. A not\u00edcia foi publicada no dia em que Wasmalia Bivar entregava medalhas na cerim\u00f4nia de anivers\u00e1rio do \u00f3rg\u00e3o, no teatro Jo\u00e3o Caetano, no Rio de Janeiro.<\/p>\n<p>Se as coisas j\u00e1 estavam complicadas, com corte de verbas, n\u00famero excessivo de servidores tempor\u00e1rios, suspens\u00e3o de pesquisas e at\u00e9 do Censo Agropecu\u00e1rio, agora o presidente interino pretende indicar um representante direto da Escola de Chicago (onde Paulo Rabello estudou), um homem do mundo empresarial para dirigir o IBGE.<\/p>\n<p>Castro \u00e9 coordenador do Movimento Brasil Eficiente (MBE), que re\u00fane empres\u00e1rios e gente do \u201cmercado\u201d, preocupada com a \u201cefici\u00eancia das despesas p\u00fablicas\u201d e prop\u00f5e a cria\u00e7\u00e3o de normas para o funcionamento do Conselho de Gest\u00e3o Fiscal, previsto na Lei de Responsabilidade Fiscal.<\/p>\n<p>Paulo Rabello tamb\u00e9m preside o Instituto Atl\u00e2ntico e \u00e9 fundador da primeira empresa brasileira de classifica\u00e7\u00e3o de riscos de cr\u00e9dito, a SR Rating, al\u00e9m da RC Consultores, empresa de previs\u00e3o econ\u00f4mica e an\u00e1lises de mercado.<\/p>\n<p>O Instituto Atl\u00e2ntico faz parte da C\u00e2mara de Institui\u00e7\u00f5es do Instituto Millenium, organiza\u00e7\u00e3o de direita, que re\u00fane grandes empres\u00e1rios brasileiros de diversos ramos, pregando o receitu\u00e1rio da ortodoxia neoliberal como sa\u00edda para os problemas estruturais do pa\u00eds.<\/p>\n<p>Em outra frente, Paulo Rabello de Castro \u00e9 membro da Lide, associa\u00e7\u00e3o empresarial de diversos pa\u00edses que \u201cre\u00fane lideran\u00e7as que acreditam no fortalecimento da livre iniciativa no Brasil e no mundo\u201d.<\/p>\n<p>Castro apresentou no documento \u201cAgenda 2016\u201d, entregue recentemente a Temer, a proposta de uma \u201cNova Previd\u00eancia\u201d em que o contribuinte poder\u00e1 escolher o destino da contribui\u00e7\u00e3o ao INSS para composi\u00e7\u00e3o de um fundo, do qual ele ser\u00e1 cotista, e que funcionar\u00e1 no formato de uma previd\u00eancia privada.<\/p>\n<p>S\u00f3 pelo curr\u00edculo se pode perceber o perfil do escolhido por Temer para dirigir o IBGE. O que um empres\u00e1rio, aguerrido defensor do \u201cmercado\u201d e da \u201cefici\u00eancia das despesas p\u00fablicas\u201d pode propor e fazer a frente do IBGE?<\/p>\n<p>O IBGE completa 80 anos em meio a grandes dificuldades para sair da sua crise institucional. Or\u00e7amento insuficiente, esvaziamento do quadro efetivo, massifica\u00e7\u00e3o do trabalho precarizado, d\u00e9ficit democr\u00e1tico na gest\u00e3o, necessidade de valoriza\u00e7\u00e3o do \u00f3rg\u00e3o mediante a implanta\u00e7\u00e3o do novo plano de carreiras. Para um IBGE forte e do tamanho do Brasil \u00e9 preciso um projeto que ataque estas condi\u00e7\u00f5es cr\u00edticas.<\/p>\n<p>Reafirmamos o IBGE como uma institui\u00e7\u00e3o comprometida com a maioria da sociedade, voltada para retratar o Brasil e, com suas pesquisas e trabalhos, oferecer solu\u00e7\u00f5es para os grandes problemas nacionais. Consideramos um retrocesso a indica\u00e7\u00e3o de uma pessoa de fora dos quadros da institui\u00e7\u00e3o para ocupar sua Presid\u00eancia.<\/p>\n<p>Nossa luta \u00e9 por ELEI\u00c7\u00d5ES DIRETAS PARA PRESIDENTE do IBGE, com a convoca\u00e7\u00e3o de um congresso institucional que trace as metas e o or\u00e7amento do Instituto, com ampla participa\u00e7\u00e3o da categoria, transparente e aberto \u00e0s contribui\u00e7\u00f5es da sociedade brasileira. A \u00fanica sa\u00edda para a crise do IBGE \u00e9 ampliar a participa\u00e7\u00e3o democr\u00e1tica da categoria nos rumos da institui\u00e7\u00e3o.<\/p>\n<p>A ASSIBGE \u2013 Sindicato Nacional convoca toda a categoria a se mobilizar diante deste fato. Agora, mais do que nunca, chegou a hora dos ibgeanos serem respeitados.<\/p>\n<p>Diante da gravidade da situa\u00e7\u00e3o e dos riscos que essa nomea\u00e7\u00e3o pode representar ao IBGE, o Sindicato convoca ASSEMBL\u00c9IAS EM TODAS AS UNIDADES.<\/p>\n<p>Junho\/2016<\/p>\n<p>Executiva Nacional da ASSIBGE-SN&#8221;<\/p>\n","protected":false},"excerpt":{"rendered":"<p>Por meio de nota, a Associa\u00e7\u00e3o Nacional dos Servidores do IBGE (AssIBGE-SN) contesta a indica\u00e7\u00e3o de Paulo Rabello de Castro e defende a convoca\u00e7\u00e3o de um congresso institucional para tra\u00e7ar as metas e o or\u00e7amento do Instituto, com ampla participa\u00e7\u00e3o da categoria, transparente e aberto \u00e0s contribui\u00e7\u00f5es da sociedade brasileira. Veja o documento na \u00edntegra: &#8220;Nem bem o IBGE encerrou [&hellip;]<\/p>\n","protected":false},"author":27,"featured_media":0,"comment_status":"open","ping_status":"closed","sticky":false,"template":"","format":"standard","meta":{"footnotes":""},"categories":[1],"tags":[100,2044,2043,2042,2045,307,318,74,58,351,913],"class_list":["post-1748","post","type-post","status-publish","format-standard","hentry","category-sem-categoria","tag-congresso","tag-dirigir","tag-empresario","tag-ibge","tag-metas","tag-nomeacao","tag-orcamento","tag-repudiam","tag-servidores","tag-sociedade","tag-transparente"],"_links":{"self":[{"href":"https:\/\/blogs.correiobraziliense.com.br\/servidor\/wp-json\/wp\/v2\/posts\/1748","targetHints":{"allow":["GET"]}}],"collection":[{"href":"https:\/\/blogs.correiobraziliense.com.br\/servidor\/wp-json\/wp\/v2\/posts"}],"about":[{"href":"https:\/\/blogs.correiobraziliense.com.br\/servidor\/wp-json\/wp\/v2\/types\/post"}],"author":[{"embeddable":true,"href":"https:\/\/blogs.correiobraziliense.com.br\/servidor\/wp-json\/wp\/v2\/users\/27"}],"replies":[{"embeddable":true,"href":"https:\/\/blogs.correiobraziliense.com.br\/servidor\/wp-json\/wp\/v2\/comments?post=1748"}],"version-history":[{"count":2,"href":"https:\/\/blogs.correiobraziliense.com.br\/servidor\/wp-json\/wp\/v2\/posts\/1748\/revisions"}],"predecessor-version":[{"id":1750,"href":"https:\/\/blogs.correiobraziliense.com.br\/servidor\/wp-json\/wp\/v2\/posts\/1748\/revisions\/1750"}],"wp:attachment":[{"href":"https:\/\/blogs.correiobraziliense.com.br\/servidor\/wp-json\/wp\/v2\/media?parent=1748"}],"wp:term":[{"taxonomy":"category","embeddable":true,"href":"https:\/\/blogs.correiobraziliense.com.br\/servidor\/wp-json\/wp\/v2\/categories?post=1748"},{"taxonomy":"post_tag","embeddable":true,"href":"https:\/\/blogs.correiobraziliense.com.br\/servidor\/wp-json\/wp\/v2\/tags?post=1748"}],"curies":[{"name":"wp","href":"https:\/\/api.w.org\/{rel}","templated":true}]}}