{"id":17454,"date":"2020-08-31T15:22:08","date_gmt":"2020-08-31T18:22:08","guid":{"rendered":"https:\/\/blogs.correiobraziliense.com.br\/servidor\/?p=17454"},"modified":"2020-08-31T15:22:08","modified_gmt":"2020-08-31T18:22:08","slug":"mpf-entra-com-acao-contra-uniao-spu-e-incra-para-que-concluam-cadastro-de-terras-rurais","status":"publish","type":"post","link":"https:\/\/blogs.correiobraziliense.com.br\/servidor\/mpf-entra-com-acao-contra-uniao-spu-e-incra-para-que-concluam-cadastro-de-terras-rurais\/","title":{"rendered":"MPF entra com a\u00e7\u00e3o contra Uni\u00e3o, SPU e Incra para que concluam cadastro de terras rurais"},"content":{"rendered":"<p><em><strong>Minist\u00e9rio P\u00fablico Federal (MPF) cobra desde 2004 medidas para identificar e cadastrar im\u00f3veis, que deveriam ser destinados \u00e0 reforma agr\u00e1ria. A\u00a0demora dos \u00f3rg\u00e3os respons\u00e1veis na resposta se deve, principalmente, a entraves burocr\u00e1ticos e or\u00e7ament\u00e1rios que impedem a execu\u00e7\u00e3o de pol\u00edticas p\u00fablicas e\u00a0facilitam a grilagem\u00a0por particulares que inserem dados falsos nos sistemas<\/strong><\/em><\/p>\n<p>O Minist\u00e9rio P\u00fablico Federal (MPF) moveu a\u00e7\u00e3o contra a Uni\u00e3o, a Superintend\u00eancia de Patrim\u00f4nio da Uni\u00e3o (SPU) e o Instituto Nacional de Coloniza\u00e7\u00e3o e Reforma Agr\u00e1ria (Incra) para que seja conclu\u00eddo o georreferenciamento e certifica\u00e7\u00e3o das terras rurais da Uni\u00e3o no estado do Rio de Janeiro.<\/p>\n<p>Em 2004, a Procuradoria Regional dos Direitos do Cidad\u00e3o (PRDC), \u00f3rg\u00e3o do MPF respons\u00e1vel pela defesa dos direitos humanos e cidadania, recomendou que SPU e Incra estabelecessem um calend\u00e1rio para o cadastro das terras rurais, com prazo de um ano para a conclus\u00e3o. Desde ent\u00e3o, o MPF vem solicitando informa\u00e7\u00f5es aos dois \u00f3rg\u00e3os. As respostas ao longo dos anos evidenciam que a demora se deve, principalmente, a entraves burocr\u00e1ticos e or\u00e7ament\u00e1rios.<\/p>\n<p>\u201cResta patente que a morosidade do Incra e da SPU na ado\u00e7\u00e3o de medidas para o integral cadastramento de terras da Uni\u00e3o ao longo dos \u00faltimos anos obstaculiza a implementa\u00e7\u00e3o das pol\u00edticas p\u00fablicas de reforma agr\u00e1ria e regulariza\u00e7\u00e3o fundi\u00e1ria, ao passo em que facilita a grilagem de terras p\u00fablicas. Sendo assim, considerando que a extrema morosidade dos \u00f3rg\u00e3os respons\u00e1veis pelo cadastramento das terras p\u00fablicas viola o princ\u00edpio da dura\u00e7\u00e3o razo\u00e1vel do processo e chega a produzir efeitos pr\u00e1ticos equivalentes \u00e0 total in\u00e9rcia, est\u00e1 plenamente caracterizado o interesse de agir no ajuizamento da presente demanda\u201d, afirma a a\u00e7\u00e3o.<\/p>\n<p>A fun\u00e7\u00e3o social da propriedade \u00e9 um dos princ\u00edpios da ordem econ\u00f4mica previstos na Constitui\u00e7\u00e3o Federal e um direito fundamental dos cidad\u00e3os brasileiros. J\u00e1 a a Lei 8.629\/1993 disp\u00f5e que \u201cas terras rurais de dom\u00ednio da Uni\u00e3o, dos estados e dos munic\u00edpios ficam destinadas, preferencialmente, \u00e0 execu\u00e7\u00e3o de planos de reforma agr\u00e1ria\u201d. Para o MPF, a aus\u00eancia de um cadastro impede o cumprimento da lei e facilita a grilagem de terras por particulares que inserem dados falsos nos sistemas.<\/p>\n<p>Por isso, o MPF pede que a Uni\u00e3o seja obrigada a fornecer ao Incra e \u00e0 SPU todo o suporte e meio necess\u00e1rios, incluindo recursos materiais, humanos e or\u00e7ament\u00e1rios \u2013 para o georreferenciamento, certifica\u00e7\u00e3o e inser\u00e7\u00e3o das terras da Uni\u00e3o no estado do Rio de Janeiro nos cadastros do Sigef (sistema do Incra) e no SPUNet (sistema da SPU). Tamb\u00e9m pede que os dois \u00f3rg\u00e3os apresentem novo cronograma para concluir, no prazo m\u00e1ximo de um ano, processo de georreferenciamento e cadastro em seus respectivos sistemas.<\/p>\n<p><a href=\"http:\/\/\u00cdntegra da a\u00e7\u00e3o\">\u00cdntegra da a\u00e7\u00e3o<\/a><\/p>\n","protected":false},"excerpt":{"rendered":"<p>Minist\u00e9rio P\u00fablico Federal (MPF) cobra desde 2004 medidas para identificar e cadastrar im\u00f3veis, que deveriam ser destinados \u00e0 reforma agr\u00e1ria. A\u00a0demora dos \u00f3rg\u00e3os respons\u00e1veis na resposta se deve, principalmente, a entraves burocr\u00e1ticos e or\u00e7ament\u00e1rios que impedem a execu\u00e7\u00e3o de pol\u00edticas p\u00fablicas e\u00a0facilitam a grilagem\u00a0por particulares que inserem dados falsos nos sistemas O Minist\u00e9rio P\u00fablico Federal (MPF) moveu a\u00e7\u00e3o contra a [&hellip;]<\/p>\n","protected":false},"author":27,"featured_media":0,"comment_status":"open","ping_status":"closed","sticky":false,"template":"","format":"standard","meta":{"footnotes":""},"categories":[2719],"tags":[18146,86,875,439,167,5209,10530,415,18145,5051,2863,453,3271,10851,15809,7030,3123,1779,624,4421,330],"class_list":["post-17454","post","type-post","status-publish","format-standard","hentry","category-servidor","tag-burocraticos","tag-cadastro","tag-certificacao","tag-cidadania","tag-dados","tag-direitos-humanos","tag-entraves","tag-falsos","tag-georreferenciamento","tag-grilagem","tag-incra","tag-mpf","tag-orcamentarios","tag-politicas-publicas","tag-prdc","tag-reforma-agraria","tag-rurais","tag-sistemas","tag-spu","tag-terras","tag-uniao"],"_links":{"self":[{"href":"https:\/\/blogs.correiobraziliense.com.br\/servidor\/wp-json\/wp\/v2\/posts\/17454","targetHints":{"allow":["GET"]}}],"collection":[{"href":"https:\/\/blogs.correiobraziliense.com.br\/servidor\/wp-json\/wp\/v2\/posts"}],"about":[{"href":"https:\/\/blogs.correiobraziliense.com.br\/servidor\/wp-json\/wp\/v2\/types\/post"}],"author":[{"embeddable":true,"href":"https:\/\/blogs.correiobraziliense.com.br\/servidor\/wp-json\/wp\/v2\/users\/27"}],"replies":[{"embeddable":true,"href":"https:\/\/blogs.correiobraziliense.com.br\/servidor\/wp-json\/wp\/v2\/comments?post=17454"}],"version-history":[{"count":1,"href":"https:\/\/blogs.correiobraziliense.com.br\/servidor\/wp-json\/wp\/v2\/posts\/17454\/revisions"}],"predecessor-version":[{"id":17455,"href":"https:\/\/blogs.correiobraziliense.com.br\/servidor\/wp-json\/wp\/v2\/posts\/17454\/revisions\/17455"}],"wp:attachment":[{"href":"https:\/\/blogs.correiobraziliense.com.br\/servidor\/wp-json\/wp\/v2\/media?parent=17454"}],"wp:term":[{"taxonomy":"category","embeddable":true,"href":"https:\/\/blogs.correiobraziliense.com.br\/servidor\/wp-json\/wp\/v2\/categories?post=17454"},{"taxonomy":"post_tag","embeddable":true,"href":"https:\/\/blogs.correiobraziliense.com.br\/servidor\/wp-json\/wp\/v2\/tags?post=17454"}],"curies":[{"name":"wp","href":"https:\/\/api.w.org\/{rel}","templated":true}]}}