{"id":17449,"date":"2020-08-31T06:39:10","date_gmt":"2020-08-31T09:39:10","guid":{"rendered":"https:\/\/blogs.correiobraziliense.com.br\/servidor\/?p=17449"},"modified":"2020-08-30T18:40:31","modified_gmt":"2020-08-30T21:40:31","slug":"eleicao-no-sindilegis","status":"publish","type":"post","link":"https:\/\/blogs.correiobraziliense.com.br\/servidor\/eleicao-no-sindilegis\/","title":{"rendered":"Elei\u00e7\u00e3o no Sindilegis"},"content":{"rendered":"<p><em><strong>O Sindicato dos Servidores do Poder Legislativo Federal e do Tribunal de Contas da Uni\u00e3o (Sindilegis) faz elei\u00e7\u00e3o presencial e \u201cdrive-thru\u201d, hoje (31\/8), das 10h as 16h, para a escolha Comiss\u00e3o Eleitoral. Em Bras\u00edlia, ser\u00e1 na 610 Sul &#8211; L2. Fora da Capital, os locais est\u00e3o discriminados no site do Sindilegis<\/strong><\/em><\/p>\n<p><img loading=\"lazy\" decoding=\"async\" class=\"alignright size-large wp-image-17450\" src=\"https:\/\/blogs.correiobraziliense.com.br\/servidor\/wp-content\/uploads\/sites\/10\/2020\/08\/elei\u00e7\u00e3o-sindilegis-723x1024.jpg\" alt=\"\" width=\"723\" height=\"1024\" srcset=\"https:\/\/blogs.correiobraziliense.com.br\/servidor\/wp-content\/uploads\/sites\/10\/2020\/08\/elei\u00e7\u00e3o-sindilegis.jpg 723w, https:\/\/blogs.correiobraziliense.com.br\/servidor\/wp-content\/uploads\/sites\/10\/2020\/08\/elei\u00e7\u00e3o-sindilegis-212x300.jpg 212w, https:\/\/blogs.correiobraziliense.com.br\/servidor\/wp-content\/uploads\/sites\/10\/2020\/08\/elei\u00e7\u00e3o-sindilegis-550x779.jpg 550w, https:\/\/blogs.correiobraziliense.com.br\/servidor\/wp-content\/uploads\/sites\/10\/2020\/08\/elei\u00e7\u00e3o-sindilegis-230x326.jpg 230w\" sizes=\"auto, (max-width: 723px) 100vw, 723px\" \/><\/p>\n","protected":false},"excerpt":{"rendered":"<p>O Sindicato dos Servidores do Poder Legislativo Federal e do Tribunal de Contas da Uni\u00e3o (Sindilegis) faz elei\u00e7\u00e3o presencial e \u201cdrive-thru\u201d, hoje (31\/8), das 10h as 16h, para a escolha Comiss\u00e3o Eleitoral. Em Bras\u00edlia, ser\u00e1 na 610 Sul &#8211; L2. Fora da Capital, os locais est\u00e3o discriminados no site do Sindilegis<\/p>\n","protected":false},"author":27,"featured_media":0,"comment_status":"open","ping_status":"closed","sticky":false,"template":"","format":"standard","meta":{"footnotes":""},"categories":[2719],"tags":[17926,106,634],"class_list":["post-17449","post","type-post","status-publish","format-standard","hentry","category-servidor","tag-comissao-eleitoral","tag-eleicao","tag-sindilegis"],"_links":{"self":[{"href":"https:\/\/blogs.correiobraziliense.com.br\/servidor\/wp-json\/wp\/v2\/posts\/17449","targetHints":{"allow":["GET"]}}],"collection":[{"href":"https:\/\/blogs.correiobraziliense.com.br\/servidor\/wp-json\/wp\/v2\/posts"}],"about":[{"href":"https:\/\/blogs.correiobraziliense.com.br\/servidor\/wp-json\/wp\/v2\/types\/post"}],"author":[{"embeddable":true,"href":"https:\/\/blogs.correiobraziliense.com.br\/servidor\/wp-json\/wp\/v2\/users\/27"}],"replies":[{"embeddable":true,"href":"https:\/\/blogs.correiobraziliense.com.br\/servidor\/wp-json\/wp\/v2\/comments?post=17449"}],"version-history":[{"count":1,"href":"https:\/\/blogs.correiobraziliense.com.br\/servidor\/wp-json\/wp\/v2\/posts\/17449\/revisions"}],"predecessor-version":[{"id":17451,"href":"https:\/\/blogs.correiobraziliense.com.br\/servidor\/wp-json\/wp\/v2\/posts\/17449\/revisions\/17451"}],"wp:attachment":[{"href":"https:\/\/blogs.correiobraziliense.com.br\/servidor\/wp-json\/wp\/v2\/media?parent=17449"}],"wp:term":[{"taxonomy":"category","embeddable":true,"href":"https:\/\/blogs.correiobraziliense.com.br\/servidor\/wp-json\/wp\/v2\/categories?post=17449"},{"taxonomy":"post_tag","embeddable":true,"href":"https:\/\/blogs.correiobraziliense.com.br\/servidor\/wp-json\/wp\/v2\/tags?post=17449"}],"curies":[{"name":"wp","href":"https:\/\/api.w.org\/{rel}","templated":true}]}}