{"id":17438,"date":"2020-08-28T12:59:29","date_gmt":"2020-08-28T15:59:29","guid":{"rendered":"https:\/\/blogs.correiobraziliense.com.br\/servidor\/?p=17438"},"modified":"2020-08-28T12:59:29","modified_gmt":"2020-08-28T15:59:29","slug":"ministerio-da-economia-centraliza-contratacao-de-terceirizados-em-51-orgaos-no-df","status":"publish","type":"post","link":"https:\/\/blogs.correiobraziliense.com.br\/servidor\/ministerio-da-economia-centraliza-contratacao-de-terceirizados-em-51-orgaos-no-df\/","title":{"rendered":"Minist\u00e9rio da Economia centraliza contrata\u00e7\u00e3o de terceirizados em 51 \u00f3rg\u00e3os no DF"},"content":{"rendered":"<p><em><strong>Audi\u00eancia p\u00fablica para a contra\u00e7\u00e3o de 11.565 profissionais de sete diferentes cargos, ao custo de R$ 1,5 bilh\u00e3o, ser\u00e1 no dia 11 de setembro. \u00e0s 10 horas. O objetivo, de acordo com o \u00f3rg\u00e3o, \u00e9 ampliar a transpar\u00eancia sobre o processo<\/strong><\/em><\/p>\n<p>O Minist\u00e9rio da Economia (ME) informou que far\u00e1 licita\u00e7\u00e3o para contratar servi\u00e7os de apoio administrativo, recep\u00e7\u00e3o e secretariado para 51 \u00f3rg\u00e3os e entidades no Distrito Federal. A previs\u00e3o \u00e9 de economia de R$ 106 milh\u00f5es para o governo.\u00a0 At\u00e9 o momento, o Minist\u00e9rio estima que 10.565 profissionais sejam alocados nesses \u00f3rg\u00e3os, em audi\u00eancia p\u00fablica virtual, no dia 11 de setembro, \u00e0s 10 horas.<\/p>\n<p>\u201cEsta ser\u00e1 a primeira vez que o governo federal realizar\u00e1 uma licita\u00e7\u00e3o centralizada para esse tipo de m\u00e3o de obra. Antes, existiam 36 cargos diferentes para a execu\u00e7\u00e3o desses servi\u00e7os terceirizados; agora, ser\u00e3o somente sete\u201d, explica o secret\u00e1rio de Gest\u00e3o da Secretaria Especial de Desburocratiza\u00e7\u00e3o, Gest\u00e3o e Governo Digital do ME, Cristiano Heckert. Os profissionais foram separados em 26 lotes e o valor total estimado da contrata\u00e7\u00e3o \u00e9 de R$ 1,5 bilh\u00e3o.<\/p>\n<p>A licita\u00e7\u00e3o prev\u00ea a execu\u00e7\u00e3o dos servi\u00e7os pela contratada de empregados para os cargos de auxiliar administrativo, assistente administrativo, recepcionista, recepcionista bil\u00edngue, secret\u00e1rio executivo I, secret\u00e1rio executivo II e t\u00e9cnico em Secretariado. O contrato ter\u00e1 dura\u00e7\u00e3o de 30 meses e exigir\u00e1 solu\u00e7\u00e3o tecnol\u00f3gica para subsidiar a gest\u00e3o e fiscaliza\u00e7\u00e3o contratual, por meio de aplica\u00e7\u00e3o web e aplicativo mobile.<\/p>\n<p>\u201cBuscamos, ao centralizar esse processo, a padroniza\u00e7\u00e3o das descri\u00e7\u00f5es, requisitos e valores dos cargos, assim como dos par\u00e2metros de gest\u00e3o e fiscaliza\u00e7\u00e3o contratual, e, ainda, a qualifica\u00e7\u00e3o dos empregados alocados\u201d, afirma Heckert.<\/p>\n<p>A <a href=\"http:\/\/Audi\u00eancia P\u00fablica Virtual n\u00ba 04\/2020\">Audi\u00eancia P\u00fablica Virtual n\u00ba 04\/2020<\/a> ser\u00e1 transmitida pelo canal do YouTube do Minist\u00e9rio da Economia. Os interessados poder\u00e3o enviar questionamentos e sugest\u00f5es para o e-mail central.licitacao@planejamento.gov.br, at\u00e9 o dia 8 de setembro de 2020.<\/p>\n","protected":false},"excerpt":{"rendered":"<p>Audi\u00eancia p\u00fablica para a contra\u00e7\u00e3o de 11.565 profissionais de sete diferentes cargos, ao custo de R$ 1,5 bilh\u00e3o, ser\u00e1 no dia 11 de setembro. \u00e0s 10 horas. O objetivo, de acordo com o \u00f3rg\u00e3o, \u00e9 ampliar a transpar\u00eancia sobre o processo O Minist\u00e9rio da Economia (ME) informou que far\u00e1 licita\u00e7\u00e3o para contratar servi\u00e7os de apoio administrativo, recep\u00e7\u00e3o e secretariado para [&hellip;]<\/p>\n","protected":false},"author":27,"featured_media":0,"comment_status":"open","ping_status":"closed","sticky":false,"template":"","format":"standard","meta":{"footnotes":""},"categories":[2719],"tags":[7016,792,791,14950,172,2116,68,891,3704,5588,14327,1157,1075,18137,18138,1379,1090,168,276],"class_list":["post-17438","post","type-post","status-publish","format-standard","hentry","category-servidor","tag-administrativo","tag-apoio","tag-cargos","tag-centralizada","tag-contratacao","tag-custo","tag-df","tag-empregados","tag-licitacao","tag-mao-de-obra","tag-ministerio-da-economia","tag-processo","tag-profissionais","tag-recepcao","tag-secretariado","tag-servicos","tag-terceirizados","tag-transparencia","tag-virtual"],"_links":{"self":[{"href":"https:\/\/blogs.correiobraziliense.com.br\/servidor\/wp-json\/wp\/v2\/posts\/17438","targetHints":{"allow":["GET"]}}],"collection":[{"href":"https:\/\/blogs.correiobraziliense.com.br\/servidor\/wp-json\/wp\/v2\/posts"}],"about":[{"href":"https:\/\/blogs.correiobraziliense.com.br\/servidor\/wp-json\/wp\/v2\/types\/post"}],"author":[{"embeddable":true,"href":"https:\/\/blogs.correiobraziliense.com.br\/servidor\/wp-json\/wp\/v2\/users\/27"}],"replies":[{"embeddable":true,"href":"https:\/\/blogs.correiobraziliense.com.br\/servidor\/wp-json\/wp\/v2\/comments?post=17438"}],"version-history":[{"count":1,"href":"https:\/\/blogs.correiobraziliense.com.br\/servidor\/wp-json\/wp\/v2\/posts\/17438\/revisions"}],"predecessor-version":[{"id":17439,"href":"https:\/\/blogs.correiobraziliense.com.br\/servidor\/wp-json\/wp\/v2\/posts\/17438\/revisions\/17439"}],"wp:attachment":[{"href":"https:\/\/blogs.correiobraziliense.com.br\/servidor\/wp-json\/wp\/v2\/media?parent=17438"}],"wp:term":[{"taxonomy":"category","embeddable":true,"href":"https:\/\/blogs.correiobraziliense.com.br\/servidor\/wp-json\/wp\/v2\/categories?post=17438"},{"taxonomy":"post_tag","embeddable":true,"href":"https:\/\/blogs.correiobraziliense.com.br\/servidor\/wp-json\/wp\/v2\/tags?post=17438"}],"curies":[{"name":"wp","href":"https:\/\/api.w.org\/{rel}","templated":true}]}}