{"id":17419,"date":"2020-08-26T23:13:08","date_gmt":"2020-08-27T02:13:08","guid":{"rendered":"https:\/\/blogs.correiobraziliense.com.br\/servidor\/?p=17419"},"modified":"2020-08-26T23:13:08","modified_gmt":"2020-08-27T02:13:08","slug":"evento-digital-nosso-sus-debate-atendimento-basico-de-saude","status":"publish","type":"post","link":"https:\/\/blogs.correiobraziliense.com.br\/servidor\/evento-digital-nosso-sus-debate-atendimento-basico-de-saude\/","title":{"rendered":"Evento digital Nosso SUS debate atendimento b\u00e1sico de sa\u00fade"},"content":{"rendered":"<p><em><strong>O Nosso SUS \u00e9 um in\u00e9dito evento digital de 6 epis\u00f3dios com palestras e debates ao vivo. Amanh\u00e3, quinta-feira (27), \u00e0s 10 horas, no quinto epis\u00f3dio, as palestrantes ser\u00e3o N\u00edsia Trindade Lima, presidente Fiocruz, e Socorro Gross Galiano, representante da OPAS \u2013 Organiza\u00e7\u00e3o Panamericana de Sa\u00fade e da OMS \u2013 Organiza\u00e7\u00e3o Mundial da Sa\u00fade \u2013 no Brasil<\/strong><\/em><\/p>\n<p><img loading=\"lazy\" decoding=\"async\" class=\"alignright size-full wp-image-17420\" src=\"https:\/\/blogs.correiobraziliense.com.br\/servidor\/wp-content\/uploads\/sites\/10\/2020\/08\/NOSSO-SUS-4.jpg\" alt=\"\" width=\"652\" height=\"652\" srcset=\"https:\/\/blogs.correiobraziliense.com.br\/servidor\/wp-content\/uploads\/sites\/10\/2020\/08\/NOSSO-SUS-4.jpg 652w, https:\/\/blogs.correiobraziliense.com.br\/servidor\/wp-content\/uploads\/sites\/10\/2020\/08\/NOSSO-SUS-4-150x150.jpg 150w, https:\/\/blogs.correiobraziliense.com.br\/servidor\/wp-content\/uploads\/sites\/10\/2020\/08\/NOSSO-SUS-4-300x300.jpg 300w, https:\/\/blogs.correiobraziliense.com.br\/servidor\/wp-content\/uploads\/sites\/10\/2020\/08\/NOSSO-SUS-4-550x550.jpg 550w, https:\/\/blogs.correiobraziliense.com.br\/servidor\/wp-content\/uploads\/sites\/10\/2020\/08\/NOSSO-SUS-4-230x230.jpg 230w\" sizes=\"auto, (max-width: 652px) 100vw, 652px\" \/><\/p>\n","protected":false},"excerpt":{"rendered":"<p>O Nosso SUS \u00e9 um in\u00e9dito evento digital de 6 epis\u00f3dios com palestras e debates ao vivo. Amanh\u00e3, quinta-feira (27), \u00e0s 10 horas, no quinto epis\u00f3dio, as palestrantes ser\u00e3o N\u00edsia Trindade Lima, presidente Fiocruz, e Socorro Gross Galiano, representante da OPAS \u2013 Organiza\u00e7\u00e3o Panamericana de Sa\u00fade e da OMS \u2013 Organiza\u00e7\u00e3o Mundial da Sa\u00fade \u2013 no Brasil<\/p>\n","protected":false},"author":27,"featured_media":0,"comment_status":"open","ping_status":"closed","sticky":false,"template":"","format":"standard","meta":{"footnotes":""},"categories":[2719],"tags":[551,4153,87,18131,4020,18132,616],"class_list":["post-17419","post","type-post","status-publish","format-standard","hentry","category-servidor","tag-atendimento","tag-basico","tag-digital","tag-nosso-sus","tag-oms","tag-opas","tag-saude"],"_links":{"self":[{"href":"https:\/\/blogs.correiobraziliense.com.br\/servidor\/wp-json\/wp\/v2\/posts\/17419","targetHints":{"allow":["GET"]}}],"collection":[{"href":"https:\/\/blogs.correiobraziliense.com.br\/servidor\/wp-json\/wp\/v2\/posts"}],"about":[{"href":"https:\/\/blogs.correiobraziliense.com.br\/servidor\/wp-json\/wp\/v2\/types\/post"}],"author":[{"embeddable":true,"href":"https:\/\/blogs.correiobraziliense.com.br\/servidor\/wp-json\/wp\/v2\/users\/27"}],"replies":[{"embeddable":true,"href":"https:\/\/blogs.correiobraziliense.com.br\/servidor\/wp-json\/wp\/v2\/comments?post=17419"}],"version-history":[{"count":1,"href":"https:\/\/blogs.correiobraziliense.com.br\/servidor\/wp-json\/wp\/v2\/posts\/17419\/revisions"}],"predecessor-version":[{"id":17421,"href":"https:\/\/blogs.correiobraziliense.com.br\/servidor\/wp-json\/wp\/v2\/posts\/17419\/revisions\/17421"}],"wp:attachment":[{"href":"https:\/\/blogs.correiobraziliense.com.br\/servidor\/wp-json\/wp\/v2\/media?parent=17419"}],"wp:term":[{"taxonomy":"category","embeddable":true,"href":"https:\/\/blogs.correiobraziliense.com.br\/servidor\/wp-json\/wp\/v2\/categories?post=17419"},{"taxonomy":"post_tag","embeddable":true,"href":"https:\/\/blogs.correiobraziliense.com.br\/servidor\/wp-json\/wp\/v2\/tags?post=17419"}],"curies":[{"name":"wp","href":"https:\/\/api.w.org\/{rel}","templated":true}]}}