{"id":17407,"date":"2020-08-26T19:34:59","date_gmt":"2020-08-26T22:34:59","guid":{"rendered":"https:\/\/blogs.correiobraziliense.com.br\/servidor\/?p=17407"},"modified":"2020-08-26T19:36:06","modified_gmt":"2020-08-26T22:36:06","slug":"diretor-geral-da-pf-garante-a-policiais-federais-aposentados-o-direito-de-manter-armas-ativas","status":"publish","type":"post","link":"https:\/\/blogs.correiobraziliense.com.br\/servidor\/diretor-geral-da-pf-garante-a-policiais-federais-aposentados-o-direito-de-manter-armas-ativas\/","title":{"rendered":"Diretor geral da PF garante a policiais federais aposentados o direito de manter armas ativas"},"content":{"rendered":"<p><em><strong>Os policiais federais que se aposentarem poder\u00e3o levar as armas que usavam na ativa. A promessa foi feita pelo diretor geral da Pol\u00edcia Federal, Rolando Alexandre de Souza, ontem (25), durante a live que comemorou os trinta anos da Federa\u00e7\u00e3o Nacional dos Policiais Federais (Fenapef). Ele disse que os policiais j\u00e1 aposentados tamb\u00e9m poder\u00e3o receber uma arma, se quiserem<\/strong><\/em><\/p>\n<p>Ficar com as armas que usaram na ativa \u00e9 uma antiga reivindica\u00e7\u00e3o dos policiais federais e uma conquista da Fenapef. \u201c\u00c9 uma forma de reconhecimento pelos servi\u00e7os prestados \u00e0 na\u00e7\u00e3o\u201d, explica o presidente da Fenapef, Lu\u00eds Ant\u00f4nio Boudens.\u00a0A arma, uma pistola Glock, s\u00f3 dever\u00e1 ser devolvida \u00e0 corpora\u00e7\u00e3o com o falecimento do servidor. De acordo com o diretor geral, a formaliza\u00e7\u00e3o da promessa dever\u00e1 acontecer na pr\u00f3xima semana.<\/p>\n<p>Rolando Alexandre tamb\u00e9m se comprometeu a buscar solu\u00e7\u00e3o para algumas das demandas da categoria, como o pagamento das indeniza\u00e7\u00f5es por sobreaviso (adicional pago a policiais que precisam ficar \u00e0 disposi\u00e7\u00e3o do \u00f3rg\u00e3o, aguardando poss\u00edvel convoca\u00e7\u00e3o para entrar em a\u00e7\u00e3o). \u201cPassamos v\u00e1rias barreiras e vamos apresentar essa demanda novamente\u201d, comprometeu-se. Ele disse que prop\u00f5e que todos recebam o mesmo percentual pelo esfor\u00e7o de ficar em sobreaviso.<\/p>\n<p>Boudens, lembrou a necessidade de que a Pol\u00edcia Federal tenha a sua lei org\u00e2nica e refor\u00e7ou a parceria e o desejo de manter a boa interlocu\u00e7\u00e3o com a dire\u00e7\u00e3o geral.\u00a0O vice-presidente da Fenapef, Luiz Carlos Cavalcante, defendeu a entrada \u00fanica na corpora\u00e7\u00e3o, com entrada pela base da categoria e crescimento profissional por m\u00e9rito e capacita\u00e7\u00e3o. Lembrou que a entrada \u00fanica n\u00e3o \u00e9 um projeto da Fenapef, e sim da Pol\u00edcia Federal. Ele defendeu a reestrutura\u00e7\u00e3o de cargos.<\/p>\n<p>\u201cO que a gente pede ao diretor geral \u00e9 para que ele atente para a reestrutura\u00e7\u00e3o da carreira, com a defini\u00e7\u00e3o das nossas atribui\u00e7\u00f5es e da nossa lei org\u00e2nica e resgate o projeto de 2003. Pedimos que ele escreva seu nome na hist\u00f3ria como a pessoa que modernizou, pacificou e enalteceu a Pol\u00edcia Federal, colocando-a no mesmo n\u00edvel das maiores pol\u00edcias federais do mundo\u201d, concluiu.<\/p>\n<p>Tamb\u00e9m participaram da live os deputados federais Alu\u00edsio Mendes (PSC-MA) e Ubiratan Sanderson (PSL-RS), os ex- presidentes da Fenapef, Francisco Garisto e Jones Borges Leal, al\u00e9m dos vereadores Andr\u00e9 Salineiro, de Campo Grande\/MS e Od\u00e9cio Carneiro, de Fortaleza\/CE.<\/p>\n","protected":false},"excerpt":{"rendered":"<p>Os policiais federais que se aposentarem poder\u00e3o levar as armas que usavam na ativa. A promessa foi feita pelo diretor geral da Pol\u00edcia Federal, Rolando Alexandre de Souza, ontem (25), durante a live que comemorou os trinta anos da Federa\u00e7\u00e3o Nacional dos Policiais Federais (Fenapef). Ele disse que os policiais j\u00e1 aposentados tamb\u00e9m poder\u00e3o receber uma arma, se quiserem Ficar [&hellip;]<\/p>\n","protected":false},"author":27,"featured_media":0,"comment_status":"open","ping_status":"closed","sticky":false,"template":"","format":"standard","meta":{"footnotes":""},"categories":[2719],"tags":[345,4799,865,5006,107,15933,104,22,8],"class_list":["post-17407","post","type-post","status-publish","format-standard","hentry","category-servidor","tag-aposentados","tag-armas","tag-ativos","tag-diretor-geral","tag-fenapef","tag-pistola","tag-policia-federal","tag-reivindicacao","tag-servidor"],"_links":{"self":[{"href":"https:\/\/blogs.correiobraziliense.com.br\/servidor\/wp-json\/wp\/v2\/posts\/17407","targetHints":{"allow":["GET"]}}],"collection":[{"href":"https:\/\/blogs.correiobraziliense.com.br\/servidor\/wp-json\/wp\/v2\/posts"}],"about":[{"href":"https:\/\/blogs.correiobraziliense.com.br\/servidor\/wp-json\/wp\/v2\/types\/post"}],"author":[{"embeddable":true,"href":"https:\/\/blogs.correiobraziliense.com.br\/servidor\/wp-json\/wp\/v2\/users\/27"}],"replies":[{"embeddable":true,"href":"https:\/\/blogs.correiobraziliense.com.br\/servidor\/wp-json\/wp\/v2\/comments?post=17407"}],"version-history":[{"count":2,"href":"https:\/\/blogs.correiobraziliense.com.br\/servidor\/wp-json\/wp\/v2\/posts\/17407\/revisions"}],"predecessor-version":[{"id":17409,"href":"https:\/\/blogs.correiobraziliense.com.br\/servidor\/wp-json\/wp\/v2\/posts\/17407\/revisions\/17409"}],"wp:attachment":[{"href":"https:\/\/blogs.correiobraziliense.com.br\/servidor\/wp-json\/wp\/v2\/media?parent=17407"}],"wp:term":[{"taxonomy":"category","embeddable":true,"href":"https:\/\/blogs.correiobraziliense.com.br\/servidor\/wp-json\/wp\/v2\/categories?post=17407"},{"taxonomy":"post_tag","embeddable":true,"href":"https:\/\/blogs.correiobraziliense.com.br\/servidor\/wp-json\/wp\/v2\/tags?post=17407"}],"curies":[{"name":"wp","href":"https:\/\/api.w.org\/{rel}","templated":true}]}}