{"id":17375,"date":"2020-08-20T20:19:03","date_gmt":"2020-08-20T23:19:03","guid":{"rendered":"https:\/\/blogs.correiobraziliense.com.br\/servidor\/?p=17375"},"modified":"2020-08-20T20:19:03","modified_gmt":"2020-08-20T23:19:03","slug":"camara-apoia-governo-e-veta-possibilidade-de-qualquer-reajuste","status":"publish","type":"post","link":"https:\/\/blogs.correiobraziliense.com.br\/servidor\/camara-apoia-governo-e-veta-possibilidade-de-qualquer-reajuste\/","title":{"rendered":"C\u00e2mara apoia governo e veta possibilidade de qualquer reajuste"},"content":{"rendered":"<p><em><strong>Os servidores venceram no Senado, mas perderam na C\u00e2mara dos Deputados. A Casa aprovou, em vota\u00e7\u00e3o acirrada (Sim, 316 votos, N\u00e3o, 165 votos e 2 Absten\u00e7\u00f5es) o veto 17\/2020, do presidente Jair Bolsonaro, que\u00a0 congela a remunera\u00e7\u00e3o dos servidores p\u00fablicos. O veto havia sido rejeitado pelo Senado na sess\u00e3o conjunta de ontem (19\/08). Servidores prometem retalia\u00e7\u00e3o<\/strong><\/em><\/p>\n<p>O dispositivo vetado pelo presidente Jair Bolsonaro (\u00a7 6\u00ba do art. 8\u00ba) exclu\u00eda a proibi\u00e7\u00e3o de reajuste as seguintes categorias: servidores p\u00fablicos civis e militares mencionados nos arts. 142 e 144 da Constitui\u00e7\u00e3o Federal, inclusive servidores das carreiras periciais, agentes socioeducativos, profissionais de limpeza urbana, de servi\u00e7os funer\u00e1rios e de assist\u00eancia social, trabalhadores da educa\u00e7\u00e3o p\u00fablica e profissionais de sa\u00fade\u00a0da Uni\u00e3o, dos Estados, do Distrito Federal e dos Munic\u00edpios, desde que diretamente envolvidos no combate \u00e0 pandemia da Covid-19.<\/p>\n<p><strong>A consequ\u00eancia:<\/strong> A manuten\u00e7\u00e3o do veto implica que Estados, Munic\u00edpios e Distrito Federal e Uni\u00e3o est\u00e3o proibidos de conceder reajuste de qualquer categoria at\u00e9 dezembro de 2021.<\/p>\n<p><strong>Pr\u00f3ximo passo<\/strong>: Mantido na C\u00e2mara dos Deputados. Ser\u00e1 feita a comunica\u00e7\u00e3o \u00e0 Presid\u00eancia da Rep\u00fablica.<\/p>\n<p><strong>Os bastidores<\/strong><\/p>\n<p>De acordo com o cientista pol\u00edtico Jorge Mizael, diretor da Consultoria Metapol\u00edtica, Ricardo Barros (PP\/PR), novo l\u00edder do governo na C\u00e2mara dos Deputados, foi aprovado em seu primeiro grande teste no posto. &#8220;Barros contou com o empenho direto do presidente da C\u00e2mara, Rodrigo Maia (DEM-RJ), do centr\u00e3o, dos governadores e dos prefeitos e acabou garantido o veto que havia sido derrubado no Senado Federal ontem&#8221;, afirmou.<\/p>\n<p>Os servidores acreditavam em nova vit\u00f3ria na C\u00e2mara. Derrotados, v\u00e3o denunciar \u00e0 sociedade o \u201cjogo de interesses que prejudica a sa\u00fade do cidad\u00e3o\u201d e expor o nome de cada parlamentar que mudou o voto em meio ao aumento da contamina\u00e7\u00e3o pelo coronavirus, para \u201cagradar o Executivo e o mercado\u201c. Em ano de elei\u00e7\u00e3o, a expectativa \u00e9 de que esses v\u00e3o perder votos.<\/p>\n<p>\u201cO governo est\u00e1 fazendo um terrorismo dizendo que os servidores querem reajuste. N\u00e3o \u00e9 verdade. O debate era sobre uma poss\u00edvel ajuda a quem nunca p\u00f4de ir para o trabalho remoto e deu atendimento presencial aos que precisaram. Mandamos e-mails, whatsapps e todo tipo de avalia\u00e7\u00e3o t\u00e9cnica aos deputados para mostrar a verdade. Como cederem \u00e0 tenta\u00e7\u00e3o, vamos repetir a pr\u00e1tica de 2018. Muitos que foram contra os servidores, n\u00e3o voltaram\u201d, lembra S\u00e9rgio Ronaldo da Silva, secret\u00e1rio-geral da Confedera\u00e7\u00e3o Nacional dos Trabalhadores no Servi\u00e7o P\u00fablico Federal (Condsef).<\/p>\n<p>Para Jorge Mizael, s\u00f3cio da Consultoria Metapol\u00edtica, a queda de bra\u00e7o do momento \u00e9 tamb\u00e9m uma disputa por espa\u00e7o no or\u00e7amento. A at\u00e9 31 de agosto, o Executivo tem que apresentar a pe\u00e7a or\u00e7ament\u00e1ria ao Congresso e, nela, os recursos para qualquer que seja o uso t\u00eam que estar definidos. \u201cA discuss\u00e3o \u00e9 absurda, porque n\u00e3o h\u00e1 na lei qualquer item que fale em aumento obrigat\u00f3rio. Mas, sem d\u00favida, o que \u00e9 feito agora ter\u00e1 impactos futuros\u201d, explica. Para Bolsonaro e Paulo Guedes, ministro da Economia, a derrubada do veto poderia resultar em preju\u00edzo de R$ 120 bilh\u00f5es aos cofres p\u00fablicos.<\/p>\n","protected":false},"excerpt":{"rendered":"<p>Os servidores venceram no Senado, mas perderam na C\u00e2mara dos Deputados. A Casa aprovou, em vota\u00e7\u00e3o acirrada (Sim, 316 votos, N\u00e3o, 165 votos e 2 Absten\u00e7\u00f5es) o veto 17\/2020, do presidente Jair Bolsonaro, que\u00a0 congela a remunera\u00e7\u00e3o dos servidores p\u00fablicos. O veto havia sido rejeitado pelo Senado na sess\u00e3o conjunta de ontem (19\/08). Servidores prometem retalia\u00e7\u00e3o O dispositivo vetado pelo [&hellip;]<\/p>\n","protected":false},"author":27,"featured_media":0,"comment_status":"open","ping_status":"closed","sticky":false,"template":"","format":"standard","meta":{"footnotes":""},"categories":[2719],"tags":[75,803,15370,16896,4856,3267,433,106,943,9,3798,13649,489,944,17255,829,14501,3687,81,63,616,696,58,330,2787,3063,939,5829],"class_list":["post-17375","post","type-post","status-publish","format-standard","hentry","category-servidor","tag-aumento","tag-categorias","tag-centrao","tag-coronavirus","tag-denunciar","tag-derrota","tag-distrito-federal","tag-eleicao","tag-estados","tag-executivo","tag-governadores","tag-jair-bolsonaro","tag-mercado","tag-municipios","tag-pandemia","tag-parlamentar","tag-paulo-guedes","tag-prefeitos","tag-presidente","tag-reajuste","tag-saude","tag-senado","tag-servidores","tag-uniao","tag-veto","tag-vetos","tag-vitoria","tag-votos"],"_links":{"self":[{"href":"https:\/\/blogs.correiobraziliense.com.br\/servidor\/wp-json\/wp\/v2\/posts\/17375","targetHints":{"allow":["GET"]}}],"collection":[{"href":"https:\/\/blogs.correiobraziliense.com.br\/servidor\/wp-json\/wp\/v2\/posts"}],"about":[{"href":"https:\/\/blogs.correiobraziliense.com.br\/servidor\/wp-json\/wp\/v2\/types\/post"}],"author":[{"embeddable":true,"href":"https:\/\/blogs.correiobraziliense.com.br\/servidor\/wp-json\/wp\/v2\/users\/27"}],"replies":[{"embeddable":true,"href":"https:\/\/blogs.correiobraziliense.com.br\/servidor\/wp-json\/wp\/v2\/comments?post=17375"}],"version-history":[{"count":1,"href":"https:\/\/blogs.correiobraziliense.com.br\/servidor\/wp-json\/wp\/v2\/posts\/17375\/revisions"}],"predecessor-version":[{"id":17376,"href":"https:\/\/blogs.correiobraziliense.com.br\/servidor\/wp-json\/wp\/v2\/posts\/17375\/revisions\/17376"}],"wp:attachment":[{"href":"https:\/\/blogs.correiobraziliense.com.br\/servidor\/wp-json\/wp\/v2\/media?parent=17375"}],"wp:term":[{"taxonomy":"category","embeddable":true,"href":"https:\/\/blogs.correiobraziliense.com.br\/servidor\/wp-json\/wp\/v2\/categories?post=17375"},{"taxonomy":"post_tag","embeddable":true,"href":"https:\/\/blogs.correiobraziliense.com.br\/servidor\/wp-json\/wp\/v2\/tags?post=17375"}],"curies":[{"name":"wp","href":"https:\/\/api.w.org\/{rel}","templated":true}]}}