{"id":17351,"date":"2020-08-18T18:57:44","date_gmt":"2020-08-18T21:57:44","guid":{"rendered":"https:\/\/blogs.correiobraziliense.com.br\/servidor\/?p=17351"},"modified":"2020-08-18T18:57:44","modified_gmt":"2020-08-18T21:57:44","slug":"eleicoes-para-a-presidencia-do-banco-interamericano-de-desenvolvimento-bid","status":"publish","type":"post","link":"https:\/\/blogs.correiobraziliense.com.br\/servidor\/eleicoes-para-a-presidencia-do-banco-interamericano-de-desenvolvimento-bid\/","title":{"rendered":"Elei\u00e7\u00f5es para a presid\u00eancia do Banco Interamericano de Desenvolvimento (BID)"},"content":{"rendered":"<p><em><strong>Em nota conjunta dos minist\u00e9rios da Economia e das Rela\u00e7\u00f5es Exteriores, o governo brasileiro se associa \u00e0 a v\u00e1rios outros pa\u00edses contra a deteriora\u00e7\u00e3o da atividade econ\u00f4mica em consequ\u00eancia da pandemia pela Covid-19 e defende que a\u00a0elei\u00e7\u00e3o do presidente do Banco seja mantida nos dias 12 e 13 de setembro de 2020<\/strong><\/em><\/p>\n<p>Veja a nota:<\/p>\n<p>\u201cDeclara\u00e7\u00e3o sobre a elei\u00e7\u00e3o para a presid\u00eancia do Banco Interamericano de Desenvolvimento (BID)<\/p>\n<p>Os governos de Bahamas, Bol\u00edvia, Brasil, Col\u00f4mbia, Equador, El Salvador, Estados Unidos da Am\u00e9rica, Guatemala, Guiana, Haiti, Honduras, Jamaica, Panam\u00e1, Paraguai, Rep\u00fablica Dominicana, Suriname e Venezuela,<\/p>\n<p>Compartilham a preocupa\u00e7\u00e3o com a situa\u00e7\u00e3o atual da pandemia Covid-19 e seu impacto na deteriora\u00e7\u00e3o sem precedentes da atividade econ\u00f4mica.<\/p>\n<p>Recordam que a Diretoria Executiva, pela Resolu\u00e7\u00e3o DE-80\/20 aprovada em 9 de julho de 2020, decidiu que a elei\u00e7\u00e3o do presidente do Banco ocorrer\u00e1 nos dias 12 e 13 de setembro de 2020, em reuni\u00e3o extraordin\u00e1ria do Conselho de Governadores, que se realizar\u00e1 por meio de plataforma de software eletr\u00f4nico da sede do Banco em Washington DC.<\/p>\n<p>A data da elei\u00e7\u00e3o foi fixada dentro do prazo exigido pelo Regulamento do BID para a Elei\u00e7\u00e3o do Presidente do Banco, a qual foi aprovada pela Assembleia de Governadores. A elei\u00e7\u00e3o do presidente do BID \u00e9 de extrema import\u00e2ncia para nossa regi\u00e3o e para conduzir o Banco no enfrentamento do maior desafio da era contempor\u00e2nea.<\/p>\n<p>Instam todos os pa\u00edses-membros a cumprir, no prazo e forma indicados, as resolu\u00e7\u00f5es j\u00e1 aprovadas pelos Diretores e Governadores. Ser\u00e1 extremamente importante preservar a integridade desse processo e das decis\u00f5es tomadas pelos Diretores e Governadores do Banco para proteger os interesses da regi\u00e3o, bem como a soberania hemisf\u00e9rica de nosso banco interamericano. Nossos povos precisam de solu\u00e7\u00f5es que n\u00e3o podem ser adiadas.\u201d<\/p>\n","protected":false},"excerpt":{"rendered":"<p>Em nota conjunta dos minist\u00e9rios da Economia e das Rela\u00e7\u00f5es Exteriores, o governo brasileiro se associa \u00e0 a v\u00e1rios outros pa\u00edses contra a deteriora\u00e7\u00e3o da atividade econ\u00f4mica em consequ\u00eancia da pandemia pela Covid-19 e defende que a\u00a0elei\u00e7\u00e3o do presidente do Banco seja mantida nos dias 12 e 13 de setembro de 2020 Veja a nota: \u201cDeclara\u00e7\u00e3o sobre a elei\u00e7\u00e3o para [&hellip;]<\/p>\n","protected":false},"author":27,"featured_media":0,"comment_status":"open","ping_status":"closed","sticky":false,"template":"","format":"standard","meta":{"footnotes":""},"categories":[2719],"tags":[3454,1653,164,191,1657,108,367,2021,109,15939,98,2452,3864,119,293],"class_list":["post-17351","post","type-post","status-publish","format-standard","hentry","category-servidor","tag-atividade","tag-bid","tag-brasil","tag-data","tag-deterioracao","tag-diretoria","tag-economica","tag-eleicoes","tag-executiva","tag-extraordinaria","tag-governo","tag-paises","tag-plataforma","tag-presidencia","tag-reuniao"],"_links":{"self":[{"href":"https:\/\/blogs.correiobraziliense.com.br\/servidor\/wp-json\/wp\/v2\/posts\/17351","targetHints":{"allow":["GET"]}}],"collection":[{"href":"https:\/\/blogs.correiobraziliense.com.br\/servidor\/wp-json\/wp\/v2\/posts"}],"about":[{"href":"https:\/\/blogs.correiobraziliense.com.br\/servidor\/wp-json\/wp\/v2\/types\/post"}],"author":[{"embeddable":true,"href":"https:\/\/blogs.correiobraziliense.com.br\/servidor\/wp-json\/wp\/v2\/users\/27"}],"replies":[{"embeddable":true,"href":"https:\/\/blogs.correiobraziliense.com.br\/servidor\/wp-json\/wp\/v2\/comments?post=17351"}],"version-history":[{"count":1,"href":"https:\/\/blogs.correiobraziliense.com.br\/servidor\/wp-json\/wp\/v2\/posts\/17351\/revisions"}],"predecessor-version":[{"id":17352,"href":"https:\/\/blogs.correiobraziliense.com.br\/servidor\/wp-json\/wp\/v2\/posts\/17351\/revisions\/17352"}],"wp:attachment":[{"href":"https:\/\/blogs.correiobraziliense.com.br\/servidor\/wp-json\/wp\/v2\/media?parent=17351"}],"wp:term":[{"taxonomy":"category","embeddable":true,"href":"https:\/\/blogs.correiobraziliense.com.br\/servidor\/wp-json\/wp\/v2\/categories?post=17351"},{"taxonomy":"post_tag","embeddable":true,"href":"https:\/\/blogs.correiobraziliense.com.br\/servidor\/wp-json\/wp\/v2\/tags?post=17351"}],"curies":[{"name":"wp","href":"https:\/\/api.w.org\/{rel}","templated":true}]}}