{"id":17345,"date":"2020-08-18T14:18:56","date_gmt":"2020-08-18T17:18:56","guid":{"rendered":"https:\/\/blogs.correiobraziliense.com.br\/servidor\/?p=17345"},"modified":"2020-08-18T14:19:30","modified_gmt":"2020-08-18T17:19:30","slug":"senado-prorroga-acesso-a-trabalho-remoto-por-seis-meses","status":"publish","type":"post","link":"https:\/\/blogs.correiobraziliense.com.br\/servidor\/senado-prorroga-acesso-a-trabalho-remoto-por-seis-meses\/","title":{"rendered":"Senado prorroga acesso a trabalho remoto por seis meses"},"content":{"rendered":"<p><em><strong>Novo ato do primeiro-secret\u00e1rio do Senado Federal, S\u00e9rgio Petec\u00e3o, flexibiliza as regras de uso do servi\u00e7o de acesso remoto da rede local (Sare), pelo per\u00edodo de seis meses, em raz\u00e3o da pandemia pela Covid-19. Mas n\u00e3o significa que o home office dos servidores ser\u00e1 mantido por esse tempo<\/strong><\/em><\/p>\n<p>Veja o aviso:<\/p>\n<p><img loading=\"lazy\" decoding=\"async\" class=\"alignright size-full wp-image-17346\" src=\"https:\/\/blogs.correiobraziliense.com.br\/servidor\/wp-content\/uploads\/sites\/10\/2020\/08\/SENADO-TRABALHO-REMOTO.jpg\" alt=\"\" width=\"828\" height=\"766\" srcset=\"https:\/\/blogs.correiobraziliense.com.br\/servidor\/wp-content\/uploads\/sites\/10\/2020\/08\/SENADO-TRABALHO-REMOTO.jpg 828w, https:\/\/blogs.correiobraziliense.com.br\/servidor\/wp-content\/uploads\/sites\/10\/2020\/08\/SENADO-TRABALHO-REMOTO-300x278.jpg 300w, https:\/\/blogs.correiobraziliense.com.br\/servidor\/wp-content\/uploads\/sites\/10\/2020\/08\/SENADO-TRABALHO-REMOTO-768x710.jpg 768w, https:\/\/blogs.correiobraziliense.com.br\/servidor\/wp-content\/uploads\/sites\/10\/2020\/08\/SENADO-TRABALHO-REMOTO-550x509.jpg 550w, https:\/\/blogs.correiobraziliense.com.br\/servidor\/wp-content\/uploads\/sites\/10\/2020\/08\/SENADO-TRABALHO-REMOTO-230x213.jpg 230w\" sizes=\"auto, (max-width: 828px) 100vw, 828px\" \/><\/p>\n","protected":false},"excerpt":{"rendered":"<p>Novo ato do primeiro-secret\u00e1rio do Senado Federal, S\u00e9rgio Petec\u00e3o, flexibiliza as regras de uso do servi\u00e7o de acesso remoto da rede local (Sare), pelo per\u00edodo de seis meses, em raz\u00e3o da pandemia pela Covid-19. Mas n\u00e3o significa que o home office dos servidores ser\u00e1 mantido por esse tempo Veja o aviso:<\/p>\n","protected":false},"author":27,"featured_media":0,"comment_status":"open","ping_status":"closed","sticky":false,"template":"","format":"standard","meta":{"footnotes":""},"categories":[2719],"tags":[17256,2302,17255,818,696,58,17259],"class_list":["post-17345","post","type-post","status-publish","format-standard","hentry","category-servidor","tag-covid-19","tag-home-office","tag-pandemia","tag-prorrogacao","tag-senado","tag-servidores","tag-trabalho-remoto"],"_links":{"self":[{"href":"https:\/\/blogs.correiobraziliense.com.br\/servidor\/wp-json\/wp\/v2\/posts\/17345","targetHints":{"allow":["GET"]}}],"collection":[{"href":"https:\/\/blogs.correiobraziliense.com.br\/servidor\/wp-json\/wp\/v2\/posts"}],"about":[{"href":"https:\/\/blogs.correiobraziliense.com.br\/servidor\/wp-json\/wp\/v2\/types\/post"}],"author":[{"embeddable":true,"href":"https:\/\/blogs.correiobraziliense.com.br\/servidor\/wp-json\/wp\/v2\/users\/27"}],"replies":[{"embeddable":true,"href":"https:\/\/blogs.correiobraziliense.com.br\/servidor\/wp-json\/wp\/v2\/comments?post=17345"}],"version-history":[{"count":2,"href":"https:\/\/blogs.correiobraziliense.com.br\/servidor\/wp-json\/wp\/v2\/posts\/17345\/revisions"}],"predecessor-version":[{"id":17348,"href":"https:\/\/blogs.correiobraziliense.com.br\/servidor\/wp-json\/wp\/v2\/posts\/17345\/revisions\/17348"}],"wp:attachment":[{"href":"https:\/\/blogs.correiobraziliense.com.br\/servidor\/wp-json\/wp\/v2\/media?parent=17345"}],"wp:term":[{"taxonomy":"category","embeddable":true,"href":"https:\/\/blogs.correiobraziliense.com.br\/servidor\/wp-json\/wp\/v2\/categories?post=17345"},{"taxonomy":"post_tag","embeddable":true,"href":"https:\/\/blogs.correiobraziliense.com.br\/servidor\/wp-json\/wp\/v2\/tags?post=17345"}],"curies":[{"name":"wp","href":"https:\/\/api.w.org\/{rel}","templated":true}]}}