{"id":17341,"date":"2020-08-17T21:34:07","date_gmt":"2020-08-18T00:34:07","guid":{"rendered":"https:\/\/blogs.correiobraziliense.com.br\/servidor\/?p=17341"},"modified":"2020-08-17T21:34:07","modified_gmt":"2020-08-18T00:34:07","slug":"fonacate-e-frente-em-defesa-do-servico-publico-lancam-cadernos-da-reforma-administrativa","status":"publish","type":"post","link":"https:\/\/blogs.correiobraziliense.com.br\/servidor\/fonacate-e-frente-em-defesa-do-servico-publico-lancam-cadernos-da-reforma-administrativa\/","title":{"rendered":"Fonacate e Frente em Defesa do Servi\u00e7o P\u00fablico lan\u00e7am Cadernos da Reforma Administrativa"},"content":{"rendered":"<p><em><strong>Na pr\u00f3xima quinta-feira, 20 de agosto, o F\u00f3rum das Carreiras de Estado (Fonacate) e a Frente Parlamentar Mista em Defesa do Servi\u00e7o P\u00fablico lan\u00e7am oficialmente os Cadernos da Reforma Administrativa.\u00a0O evento online ser\u00e1 transmitido pelo Facebook e o YouTube do Fonacate, na quinta-feira, 20 de agosto, a partir das 16h30<\/strong><\/em><\/p>\n<p>Desde 2019 o governo federal fala em enviar uma proposta de reforma da Administra\u00e7\u00e3o P\u00fablica para o Congresso Nacional. E desde ent\u00e3o, o F\u00f3rum tem preparado diversas notas t\u00e9cnicas, estudos e propostas sobre a tem\u00e1tica, com o intuito de alargar e qualificar t\u00e3o importante debate p\u00fablico.\u00a0J\u00e1 est\u00e3o dispon\u00edveis no site do F\u00f3rum os cinco primeiros Cadernos, mas, na quinta, haver\u00e1 um debate especial sobre os Cadernos 6 e 7 que abordam a gest\u00e3o e avalia\u00e7\u00e3o de desempenho no setor p\u00fablico brasileiro.<\/p>\n<p>\u201cOs documentos defendem uma revis\u00e3o das pr\u00e1ticas de avalia\u00e7\u00e3o de desempenho com a finalidade prec\u00edpua de operacionalizar e viabilizar a demiss\u00e3o\/exonera\u00e7\u00e3o\/desligamento de servidores p\u00fablicos ativos. Desta forma, o objetivo dos Cadernos 6 e 7 do Fonacate \u00e9 apresentar defini\u00e7\u00f5es, gerar discuss\u00f5es sobre o pensamento que norteia a gest\u00e3o e a avalia\u00e7\u00e3o de desempenho no servi\u00e7o p\u00fablico e fazer proposi\u00e7\u00f5es sobre as possibilidades de revis\u00e3o e aplica\u00e7\u00e3o alternativas de seus usos\u201d, explica Jos\u00e9 Celso Cardoso J\u00fanior, coordenador da Comiss\u00e3o de Estudos do Fonacate e presidente da Afipea Sindical.<\/p>\n<p>Os Cadernos da Reforma Administrativa t\u00eam por objetivo percorrer uma ampla gama de temas sobre o assunto, contextualizando o teor das propostas do governo e do parlamento, e indo al\u00e9m de diagn\u00f3sticos bem fundamentados. \u201cOrganizando ainda um conjunto mais adequado de propostas que sugerem a necessidade e a viabilidade tecnopol\u00edtica de avan\u00e7armos rumo a uma reforma administrativa de \u00edndole republicana e democr\u00e1tica para o Brasil no s\u00e9culo XXI\u201d, complementa Cardoso.<\/p>\n<p>Rudinei Marques, presidente do Fonacate e do Unacon Sindical, explica que as novas publica\u00e7\u00f5es \u201ccontrap\u00f5em argumentos t\u00e9cnicos e estudos acad\u00eamicos ao discurso simplista dos defensores de uma reforma pautada na vis\u00e3o fiscal, que trata da avalia\u00e7\u00e3o de desempenho com a finalidade preponderante de reduzir despesas de pessoal\u201d.<\/p>\n<p>Ainda segundo o presidente, os estudos do F\u00f3rum evidenciam que a avalia\u00e7\u00e3o de desempenho no servi\u00e7o p\u00fablico n\u00e3o pode adotar a mesma l\u00f3gica da iniciativa privada, muito menos ser tratada com superficialidade e falta de compromisso com o interesse p\u00fablico.<\/p>\n<p>J\u00e1 o coordenador da Frente Parlamentar Mista em Defesa do Servi\u00e7o P\u00fablico, deputado federal Professor Israel Batista (PV\/DF), reitera a import\u00e2ncia de \u201cuma reforma administrativa de natureza republicana e democr\u00e1tica, voltada ao fortalecimento de um modelo de desenvolvimento nacional sustent\u00e1vel e que tenha nas fun\u00e7\u00f5es sociais de Estado e na valoriza\u00e7\u00e3o e profissionaliza\u00e7\u00e3o dos servidores p\u00fablicos um de seus eixos principais\u201d.<\/p>\n<p>Os novos Cadernos estar\u00e3o dispon\u00edveis no site do Fonacate na quinta-feira. Aguarde e participe do debate e lan\u00e7amento oficial dia 20 de agosto, \u00e0s 16h30, pelo Facebook e Youtube do F\u00f3rum.<\/p>\n","protected":false},"excerpt":{"rendered":"<p>Na pr\u00f3xima quinta-feira, 20 de agosto, o F\u00f3rum das Carreiras de Estado (Fonacate) e a Frente Parlamentar Mista em Defesa do Servi\u00e7o P\u00fablico lan\u00e7am oficialmente os Cadernos da Reforma Administrativa.\u00a0O evento online ser\u00e1 transmitido pelo Facebook e o YouTube do Fonacate, na quinta-feira, 20 de agosto, a partir das 16h30 Desde 2019 o governo federal fala em enviar uma proposta [&hellip;]<\/p>\n","protected":false},"author":27,"featured_media":0,"comment_status":"open","ping_status":"closed","sticky":false,"template":"","format":"standard","meta":{"footnotes":""},"categories":[2719],"tags":[863,18106,693,1017,2303,1598,908,82,16411,315,4658,8698],"class_list":["post-17341","post","type-post","status-publish","format-standard","hentry","category-servidor","tag-avaliacao","tag-cadernos-da-reforma-administrativa","tag-congresso-nacional","tag-demissao","tag-desempenho","tag-desligamento","tag-exoneracao","tag-fonacate","tag-frente-em-defesa-do-servico-publico","tag-gestao","tag-online","tag-qualificar"],"_links":{"self":[{"href":"https:\/\/blogs.correiobraziliense.com.br\/servidor\/wp-json\/wp\/v2\/posts\/17341","targetHints":{"allow":["GET"]}}],"collection":[{"href":"https:\/\/blogs.correiobraziliense.com.br\/servidor\/wp-json\/wp\/v2\/posts"}],"about":[{"href":"https:\/\/blogs.correiobraziliense.com.br\/servidor\/wp-json\/wp\/v2\/types\/post"}],"author":[{"embeddable":true,"href":"https:\/\/blogs.correiobraziliense.com.br\/servidor\/wp-json\/wp\/v2\/users\/27"}],"replies":[{"embeddable":true,"href":"https:\/\/blogs.correiobraziliense.com.br\/servidor\/wp-json\/wp\/v2\/comments?post=17341"}],"version-history":[{"count":1,"href":"https:\/\/blogs.correiobraziliense.com.br\/servidor\/wp-json\/wp\/v2\/posts\/17341\/revisions"}],"predecessor-version":[{"id":17342,"href":"https:\/\/blogs.correiobraziliense.com.br\/servidor\/wp-json\/wp\/v2\/posts\/17341\/revisions\/17342"}],"wp:attachment":[{"href":"https:\/\/blogs.correiobraziliense.com.br\/servidor\/wp-json\/wp\/v2\/media?parent=17341"}],"wp:term":[{"taxonomy":"category","embeddable":true,"href":"https:\/\/blogs.correiobraziliense.com.br\/servidor\/wp-json\/wp\/v2\/categories?post=17341"},{"taxonomy":"post_tag","embeddable":true,"href":"https:\/\/blogs.correiobraziliense.com.br\/servidor\/wp-json\/wp\/v2\/tags?post=17341"}],"curies":[{"name":"wp","href":"https:\/\/api.w.org\/{rel}","templated":true}]}}