{"id":17337,"date":"2020-08-17T20:43:51","date_gmt":"2020-08-17T23:43:51","guid":{"rendered":"https:\/\/blogs.correiobraziliense.com.br\/servidor\/?p=17337"},"modified":"2020-08-17T20:43:51","modified_gmt":"2020-08-17T23:43:51","slug":"somente-28-servidores-federais-vao-se-candidatar-as-eleicoes-municipais-de-2020","status":"publish","type":"post","link":"https:\/\/blogs.correiobraziliense.com.br\/servidor\/somente-28-servidores-federais-vao-se-candidatar-as-eleicoes-municipais-de-2020\/","title":{"rendered":"Somente 28 servidores federais v\u00e3o se candidatar \u00e0s elei\u00e7\u00f5es municipais de 2020"},"content":{"rendered":"<p><em><strong>Em 2016, o m\u00eas de julho fechou com 690 mil funcion\u00e1rios p\u00fablicos federais dispostos a concorrer<\/strong><\/em><\/p>\n<p>O prazo para que os servidores p\u00fablicos que pretendem de candidatar nas elei\u00e7\u00f5es municipais se afastem de suas fun\u00e7\u00f5es acabou no \u00faltimo s\u00e1bado, 15 de agosto, e deixou claro que ou o brasileiro tem mesmo o h\u00e1bito de deixar tudo para a \u00faltima hora; ou o desencanto com a pol\u00edtica superou as expectativas. N\u00e3o \u00e9 poss\u00edvel apontar todos os funcion\u00e1rios p\u00fablicos do pais (estaduais e municipais) que v\u00e3o concorrer ao pleito, porque o quantitativo depende da informa\u00e7\u00e3o das autoridades locais. Por\u00e9m, entre os federais, de acordo com o Minist\u00e9rio da Economia, apenas 28 se desincompatibilizaram.<\/p>\n<p>Os dados de agosto n\u00e3o est\u00e3o dispon\u00edveis. No entanto, nas \u00faltimas elei\u00e7\u00f5es para prefeitos e governadores, em 2016, o m\u00eas de julho fechou com 690 servidores afastados pelo motivo de \u201clicen\u00e7a para atividade pol\u00edtica com remunera\u00e7\u00e3o\u201d. Nesse ano, com a mudan\u00e7a do calend\u00e1rio em consequ\u00eancia da contamina\u00e7\u00e3o pela covid-19, somente a partir de domingo (16), os candidatos foram autorizados a iniciar a propaganda intrapartid\u00e1ria. As conven\u00e7\u00f5es para escolher os concorrentes v\u00e3o acontecer a partir de 31 de agosto.<\/p>\n<p>A Resolu\u00e7\u00e3o do Tribunal Superior Eleitoral (TSE) n\u00ba 23.610\/2019, que regulamenta a propaganda eleitoral nas elei\u00e7\u00f5es municipais de 2020, determina que a propaganda eleitoral intrapartid\u00e1ria pode exibir, por exemplo, faixas e cartazes pr\u00f3ximos ao local da conven\u00e7\u00e3o e no dia do evento. O uso de r\u00e1dio, televis\u00e3o e outdoor, entretanto, \u00e9 terminantemente vedado, podendo caracterizar propaganda eleitoral antecipada.<\/p>\n<p>As conven\u00e7\u00f5es, que ocorreriam de 20 de julho a 5 de agosto, passaram para o per\u00edodo de 31 de agosto a 16 de setembro. Tamb\u00e9m j\u00e1 era previsto o prazo para o registro de candidaturas, que terminaria em 15 de agosto e foi transferido para 26 de setembro. O primeiro e o segundo turnos das elei\u00e7\u00f5es passaram, respectivamente, para os dias 15 e 29 de novembro deste ano devido \u00e0 pandemia da covid-19.<\/p>\n","protected":false},"excerpt":{"rendered":"<p>Em 2016, o m\u00eas de julho fechou com 690 mil funcion\u00e1rios p\u00fablicos federais dispostos a concorrer O prazo para que os servidores p\u00fablicos que pretendem de candidatar nas elei\u00e7\u00f5es municipais se afastem de suas fun\u00e7\u00f5es acabou no \u00faltimo s\u00e1bado, 15 de agosto, e deixou claro que ou o brasileiro tem mesmo o h\u00e1bito de deixar tudo para a \u00faltima hora; [&hellip;]<\/p>\n","protected":false},"author":27,"featured_media":0,"comment_status":"open","ping_status":"closed","sticky":false,"template":"","format":"standard","meta":{"footnotes":""},"categories":[2719],"tags":[791,2052,2021,18104,59,3469,1415,1174,1082,58,12049],"class_list":["post-17337","post","type-post","status-publish","format-standard","hentry","category-servidor","tag-cargos","tag-concorrer","tag-eleicoes","tag-eleicoes-municipais-2020","tag-federais","tag-pleito","tag-politica","tag-prazo","tag-propaganda","tag-servidores","tag-turno"],"_links":{"self":[{"href":"https:\/\/blogs.correiobraziliense.com.br\/servidor\/wp-json\/wp\/v2\/posts\/17337","targetHints":{"allow":["GET"]}}],"collection":[{"href":"https:\/\/blogs.correiobraziliense.com.br\/servidor\/wp-json\/wp\/v2\/posts"}],"about":[{"href":"https:\/\/blogs.correiobraziliense.com.br\/servidor\/wp-json\/wp\/v2\/types\/post"}],"author":[{"embeddable":true,"href":"https:\/\/blogs.correiobraziliense.com.br\/servidor\/wp-json\/wp\/v2\/users\/27"}],"replies":[{"embeddable":true,"href":"https:\/\/blogs.correiobraziliense.com.br\/servidor\/wp-json\/wp\/v2\/comments?post=17337"}],"version-history":[{"count":1,"href":"https:\/\/blogs.correiobraziliense.com.br\/servidor\/wp-json\/wp\/v2\/posts\/17337\/revisions"}],"predecessor-version":[{"id":17338,"href":"https:\/\/blogs.correiobraziliense.com.br\/servidor\/wp-json\/wp\/v2\/posts\/17337\/revisions\/17338"}],"wp:attachment":[{"href":"https:\/\/blogs.correiobraziliense.com.br\/servidor\/wp-json\/wp\/v2\/media?parent=17337"}],"wp:term":[{"taxonomy":"category","embeddable":true,"href":"https:\/\/blogs.correiobraziliense.com.br\/servidor\/wp-json\/wp\/v2\/categories?post=17337"},{"taxonomy":"post_tag","embeddable":true,"href":"https:\/\/blogs.correiobraziliense.com.br\/servidor\/wp-json\/wp\/v2\/tags?post=17337"}],"curies":[{"name":"wp","href":"https:\/\/api.w.org\/{rel}","templated":true}]}}