{"id":17332,"date":"2020-08-17T16:54:37","date_gmt":"2020-08-17T19:54:37","guid":{"rendered":"https:\/\/blogs.correiobraziliense.com.br\/servidor\/?p=17332"},"modified":"2020-08-17T16:54:37","modified_gmt":"2020-08-17T19:54:37","slug":"servidores-indicam-greve-sanitaria-para-a-segunda-semana-de-setembro","status":"publish","type":"post","link":"https:\/\/blogs.correiobraziliense.com.br\/servidor\/servidores-indicam-greve-sanitaria-para-a-segunda-semana-de-setembro\/","title":{"rendered":"Servidores indicam greve sanit\u00e1ria para a segunda semana de setembro"},"content":{"rendered":"<p><em><strong>O funcionalismo decidiu por fazer um dia nacional de lutas com greves e paralisa\u00e7\u00f5es nas tr\u00eas esferas\u00a0 (municipal, estadual e federal) e em empresas estatais, em conjunto com os movimentos estudantis e sociais, na segunda quinzena de setembro. A medida envolve carreiras do topo e da base da pir\u00e2mide<\/strong><\/em><\/p>\n<p>Os servidores federais, em semin\u00e1rio nacional virtual nos dias 12 a 14 de agosto, aprovaram plano de a\u00e7\u00e3o indicando a constru\u00e7\u00e3o de Dia Nacional de Luta e a Greve Sanit\u00e1ria como medida para proteger a vida dos trabalhadores e trabalhadoras e da popula\u00e7\u00e3o.<\/p>\n<p>O Fonasefe deve centrar suas a\u00e7\u00f5es contra a reforma administrativa e em solidariedade aos demais trabalhadores. &#8220;Para tanto, atuar\u00e1 na busca da unidade contra a pol\u00edtica ultraliberal e o projeto de destrui\u00e7\u00e3o dos servi\u00e7os p\u00fablicos, bem como derrotar as demais pol\u00edticas do governo Bolsonaro e lutar em defesa da vida, dos direitos e por um projeto da classe trabalhadora&#8221;, informam as entidades que fazem parte do Fonasefe.<\/p>\n<p>Entre as medidas est\u00e3o um dia nacional de lutas com greves e paralisa\u00e7\u00f5es nas tr\u00eas esferas do funcionalismo (municipal, estadual e federal) e empresas estatais, em di\u00e1logo com o movimento estudantil e movimentos sociais, para a segunda quinzena de setembro pr\u00f3ximo. Al\u00e9m de intensificar o debate sobre desse tema com os trabalhadores e trabalhadoras no setor p\u00fablico.<\/p>\n<p>Ser\u00e3o feitas, ainda, articula\u00e7\u00f5es com as centrais sindicais, sindicatos, juventude e movimentos sociais para &#8220;avan\u00e7ar na constru\u00e7\u00e3o de uma greve geral em defesa da vida e por condi\u00e7\u00f5es sanit\u00e1rias de enfrentamento \u00e0 pandemia&#8221;, destacam. &#8220;Nossas a\u00e7\u00f5es dever\u00e3o combinar a luta de forma presencial para chegar \u00e0s ruas, tomando, evidentemente, todos os cuidados sanit\u00e1rios necess\u00e1rios em temos de pandemia&#8221;, afirmam.<\/p>\n<p>Na nota, as carreiras refor\u00e7am que repudiam a pol\u00edtica do governo, &#8220;respons\u00e1vel pela trag\u00e9dia provocada pela pandemia, com 108 mil mortos e 3,340 milh\u00f5es de brasileiros contaminados v\u00edtimas da Covid-19&#8221;<\/p>\n<p>F\u00d3RUM DAS ENTIDADES DOS SERVIDORES P\u00daBLICOS FEDERAIS.<\/p>\n<p>ANDES-SN \u2013 ANFFA-Sindical \u2013 ASFOC-SN \u2013 ASMETRO-SN \u2013 ASSIBGE-SN &#8211; CGTB &#8211; CNTSS \u2013 CONDSEF \u2013 CSPB &#8211; CSP\/CONLUTAS \u2013 C.T.B \u2013 CUT &#8211; FASUBRA &#8211; FENAJUFE \u2013 FENAPRF \u2013 FENASPS \u2013 INTERSINDICAL &#8211; PROIFES \u2013 SINAIT \u2013 SINAL &#8211; SINASEFE \u2013 SINDCT &#8211; SINDIFISCO-Nacional \u2013 SINDIRECEITA \u2013 SINTBACEN \u2013 UNACON-Sindical-SN ANFFA-Sindical \u2013 ASFOC-SN \u2013 ASMETRO-SN \u2013 ASSIBGE-SN<\/p>\n","protected":false},"excerpt":{"rendered":"<p>O funcionalismo decidiu por fazer um dia nacional de lutas com greves e paralisa\u00e7\u00f5es nas tr\u00eas esferas\u00a0 (municipal, estadual e federal) e em empresas estatais, em conjunto com os movimentos estudantis e sociais, na segunda quinzena de setembro. A medida envolve carreiras do topo e da base da pir\u00e2mide Os servidores federais, em semin\u00e1rio nacional virtual nos dias 12 a [&hellip;]<\/p>\n","protected":false},"author":27,"featured_media":0,"comment_status":"open","ping_status":"closed","sticky":false,"template":"","format":"standard","meta":{"footnotes":""},"categories":[2719],"tags":[1101,847,1689,18098,59,7421,17486,18099,1042,1690,498,24,58,707],"class_list":["post-17332","post","type-post","status-publish","format-standard","hentry","category-servidor","tag-centrais-sindicais","tag-debate","tag-estaduais","tag-estudantis","tag-federais","tag-fonasefe","tag-greve-sanitaria","tag-juventude","tag-movimentos","tag-municipais","tag-paralisacoes","tag-publicos","tag-servidores","tag-sociais"],"_links":{"self":[{"href":"https:\/\/blogs.correiobraziliense.com.br\/servidor\/wp-json\/wp\/v2\/posts\/17332","targetHints":{"allow":["GET"]}}],"collection":[{"href":"https:\/\/blogs.correiobraziliense.com.br\/servidor\/wp-json\/wp\/v2\/posts"}],"about":[{"href":"https:\/\/blogs.correiobraziliense.com.br\/servidor\/wp-json\/wp\/v2\/types\/post"}],"author":[{"embeddable":true,"href":"https:\/\/blogs.correiobraziliense.com.br\/servidor\/wp-json\/wp\/v2\/users\/27"}],"replies":[{"embeddable":true,"href":"https:\/\/blogs.correiobraziliense.com.br\/servidor\/wp-json\/wp\/v2\/comments?post=17332"}],"version-history":[{"count":1,"href":"https:\/\/blogs.correiobraziliense.com.br\/servidor\/wp-json\/wp\/v2\/posts\/17332\/revisions"}],"predecessor-version":[{"id":17333,"href":"https:\/\/blogs.correiobraziliense.com.br\/servidor\/wp-json\/wp\/v2\/posts\/17332\/revisions\/17333"}],"wp:attachment":[{"href":"https:\/\/blogs.correiobraziliense.com.br\/servidor\/wp-json\/wp\/v2\/media?parent=17332"}],"wp:term":[{"taxonomy":"category","embeddable":true,"href":"https:\/\/blogs.correiobraziliense.com.br\/servidor\/wp-json\/wp\/v2\/categories?post=17332"},{"taxonomy":"post_tag","embeddable":true,"href":"https:\/\/blogs.correiobraziliense.com.br\/servidor\/wp-json\/wp\/v2\/tags?post=17332"}],"curies":[{"name":"wp","href":"https:\/\/api.w.org\/{rel}","templated":true}]}}