{"id":17328,"date":"2020-08-17T14:44:33","date_gmt":"2020-08-17T17:44:33","guid":{"rendered":"https:\/\/blogs.correiobraziliense.com.br\/servidor\/?p=17328"},"modified":"2020-08-17T14:44:33","modified_gmt":"2020-08-17T17:44:33","slug":"cvm-e-anbima-assinam-acordo-de-cooperacao-em-educacao-financeira","status":"publish","type":"post","link":"https:\/\/blogs.correiobraziliense.com.br\/servidor\/cvm-e-anbima-assinam-acordo-de-cooperacao-em-educacao-financeira\/","title":{"rendered":"CVM e Anbima assinam acordo de coopera\u00e7\u00e3o em educa\u00e7\u00e3o financeira"},"content":{"rendered":"<p><em><strong>A Comiss\u00e3o de Valores Mobili\u00e1rios (CVM) e a Associa\u00e7\u00e3o Brasileira das Entidades dos Mercados Financeiro e de Capitais (Anbima) assinaram um Acordo de Coopera\u00e7\u00e3o para projetos e estudos que sobre educa\u00e7\u00e3o financeira<\/strong><\/em><\/p>\n<p>A iniciativa prev\u00ea a\u00e7\u00f5es conjuntas, t\u00e9cnicas e educacionais, com projetos de estudos e pesquisas sobre temas relacionados \u00e0 educa\u00e7\u00e3o e inclus\u00e3o financeira, atividades (cursos, palestras, confer\u00eancias, semin\u00e1rios, oficinas), e desenvolvimento e dissemina\u00e7\u00e3o de materiais educacionais (publica\u00e7\u00f5es, aplicativos, v\u00eddeos etc.).<\/p>\n<p>\u201cO avan\u00e7o dos \u00edndices de educa\u00e7\u00e3o financeira depende de planejamento adequado e de medidas de amplo alcance. Somente assim poderemos ter resultados duradouros e, com isso, o grande impacto social esperado. O acordo firmado com a Anbima permitir\u00e1 o bom direcionamento dos trabalhos e projetos a serem executados de acordo com nosso planejamento\u201d, afirma o presidente da CVM, Marcelo Barbosa.<\/p>\n<p>O conv\u00eanio traz o Plano de Trabalho do acordo que ter\u00e1 a coordena\u00e7\u00e3o da Superintend\u00eancia de Prote\u00e7\u00e3o e Orienta\u00e7\u00e3o aos Investidores (SOI) da CVM e da Superintend\u00eancia de Educa\u00e7\u00e3o e Informa\u00e7\u00f5es T\u00e9cnicas da Anbima.<\/p>\n<p>\u201cA Anbima e CVM compartilham a voca\u00e7\u00e3o de trabalhar em prol do mercado. E sabemos que a educa\u00e7\u00e3o financeira \u00e9 o melhor caminho para assegurarmos um desenvolvimento saud\u00e1vel e sustent\u00e1vel dos mercados financeiros e de capitais. Esse acordo refor\u00e7a a import\u00e2ncia que as duas entidades d\u00e3o ao tema em suas respectivas agendas\u201d, afirma o presidente da Anbima, Carlos Ambr\u00f3sio.<\/p>\n<p>Acesse <a href=\"http:\/\/www.cvm.gov.br\/convenios\/ANBIMA_EducacaoFinanceira.html\">o documento na \u00edntegra<\/a>.<\/p>\n","protected":false},"excerpt":{"rendered":"<p>A Comiss\u00e3o de Valores Mobili\u00e1rios (CVM) e a Associa\u00e7\u00e3o Brasileira das Entidades dos Mercados Financeiro e de Capitais (Anbima) assinaram um Acordo de Coopera\u00e7\u00e3o para projetos e estudos que sobre educa\u00e7\u00e3o financeira A iniciativa prev\u00ea a\u00e7\u00f5es conjuntas, t\u00e9cnicas e educacionais, com projetos de estudos e pesquisas sobre temas relacionados \u00e0 educa\u00e7\u00e3o e inclus\u00e3o financeira, atividades (cursos, palestras, confer\u00eancias, semin\u00e1rios, oficinas), [&hellip;]<\/p>\n","protected":false},"author":27,"featured_media":0,"comment_status":"open","ping_status":"closed","sticky":false,"template":"","format":"standard","meta":{"footnotes":""},"categories":[2719],"tags":[16085,6361,12683,1450,215,15270,1086,12406,3779,1300,9869],"class_list":["post-17328","post","type-post","status-publish","format-standard","hentry","category-servidor","tag-acordo-de-cooperacao","tag-anbima","tag-conferencias","tag-cursos","tag-cvm","tag-educacao-financeira","tag-estudos","tag-oficinas","tag-palestras","tag-projetos","tag-seminarios"],"_links":{"self":[{"href":"https:\/\/blogs.correiobraziliense.com.br\/servidor\/wp-json\/wp\/v2\/posts\/17328","targetHints":{"allow":["GET"]}}],"collection":[{"href":"https:\/\/blogs.correiobraziliense.com.br\/servidor\/wp-json\/wp\/v2\/posts"}],"about":[{"href":"https:\/\/blogs.correiobraziliense.com.br\/servidor\/wp-json\/wp\/v2\/types\/post"}],"author":[{"embeddable":true,"href":"https:\/\/blogs.correiobraziliense.com.br\/servidor\/wp-json\/wp\/v2\/users\/27"}],"replies":[{"embeddable":true,"href":"https:\/\/blogs.correiobraziliense.com.br\/servidor\/wp-json\/wp\/v2\/comments?post=17328"}],"version-history":[{"count":1,"href":"https:\/\/blogs.correiobraziliense.com.br\/servidor\/wp-json\/wp\/v2\/posts\/17328\/revisions"}],"predecessor-version":[{"id":17329,"href":"https:\/\/blogs.correiobraziliense.com.br\/servidor\/wp-json\/wp\/v2\/posts\/17328\/revisions\/17329"}],"wp:attachment":[{"href":"https:\/\/blogs.correiobraziliense.com.br\/servidor\/wp-json\/wp\/v2\/media?parent=17328"}],"wp:term":[{"taxonomy":"category","embeddable":true,"href":"https:\/\/blogs.correiobraziliense.com.br\/servidor\/wp-json\/wp\/v2\/categories?post=17328"},{"taxonomy":"post_tag","embeddable":true,"href":"https:\/\/blogs.correiobraziliense.com.br\/servidor\/wp-json\/wp\/v2\/tags?post=17328"}],"curies":[{"name":"wp","href":"https:\/\/api.w.org\/{rel}","templated":true}]}}