{"id":17326,"date":"2020-08-17T14:28:11","date_gmt":"2020-08-17T17:28:11","guid":{"rendered":"https:\/\/blogs.correiobraziliense.com.br\/servidor\/?p=17326"},"modified":"2020-08-17T14:28:11","modified_gmt":"2020-08-17T17:28:11","slug":"ministerio-da-economia-seleciona-gestores-para-projeto-piloto-de-consultoria-executiva","status":"publish","type":"post","link":"https:\/\/blogs.correiobraziliense.com.br\/servidor\/ministerio-da-economia-seleciona-gestores-para-projeto-piloto-de-consultoria-executiva\/","title":{"rendered":"Minist\u00e9rio da Economia seleciona gestores para projeto piloto de consultoria executiva"},"content":{"rendered":"<p><em><strong>S\u00e3o 10 vagas para Especialistas em Pol\u00edticas P\u00fablicas e Gest\u00e3o Governamental (EPPGGs). Inscri\u00e7\u00f5es abertas at\u00e9\u00a0 sexta-feira (21\/8). Os selecionados devem iniciar as atividades no dia 8 de setembro. A primeira tarefa ser\u00e1 trabalhar no projeto de acelera\u00e7\u00e3o da implanta\u00e7\u00e3o do teletrabalho nas institui\u00e7\u00f5es p\u00fablicas. A\u00a0previs\u00e3o \u00e9 de que mais 60 \u00f3rg\u00e3os participem do programa<\/strong><\/em><\/p>\n<p>O Minist\u00e9rio da Economia informa que est\u00e3o abertas as inscri\u00e7\u00f5es para o projeto piloto de consultoria executiva. O objetivo \u00e9 reunir gestores governamentais em projetos de curta dura\u00e7\u00e3o e de alto impacto na transforma\u00e7\u00e3o governamental. Os profissionais v\u00e3o trabalhar na Secretaria de Gest\u00e3o do Minist\u00e9rio, em colabora\u00e7\u00e3o tempor\u00e1ria aos \u00f3rg\u00e3os e entidades.<\/p>\n<p>\u201cN\u00e3o s\u00e3o raras as vezes em que a administra\u00e7\u00e3o p\u00fablica precisa buscar consultorias externas para projetos estrat\u00e9gicos, dispendendo de recursos financeiros. O ME, em parceria com a Associa\u00e7\u00e3o dos Especialistas em Pol\u00edticas P\u00fablicas e Gest\u00e3o Governamental (Anesp), elaborou o projeto piloto que ir\u00e1 aproveitar servidores efetivos altamente qualificados da carreira de EPPGG para otimizar a qualidade das entregas e a gest\u00e3o da produtividade no servi\u00e7o p\u00fablico\u201d, explica Cristiano Heckert, secret\u00e1rio de Gest\u00e3o do Minist\u00e9rio da Economia.<\/p>\n<p>Os servidores atuar\u00e3o como consultores executivos e ir\u00e3o trabalhar em projetos pr\u00e9-selecionados pelo ME com grande potencial de impacto na melhoria do desempenho das organiza\u00e7\u00f5es no Programa de Gest\u00e3o Estrat\u00e9gica e Transforma\u00e7\u00e3o do Estado (TransformaGov) \u2013 ao qual 20 \u00f3rg\u00e3os e entidades j\u00e1 aderiram at\u00e9 o momento. O ME destaca que as institui\u00e7\u00f5es que aderirem ao TransformaGov receber\u00e3o, prioritariamente, os EPPGGs. At\u00e9 o final de 2020, a previs\u00e3o \u00e9 de que mais 60 \u00f3rg\u00e3os participem do programa. A expectativa \u00e9 que a metodologia de consultoria executiva seja expandida para outros tipos de projeto e de carreiras, afirma.<\/p>\n<p>Neste projeto piloto, as vagas est\u00e3o dispon\u00edveis para quatro perfis: formula\u00e7\u00e3o de atos normativos; gest\u00e3o estrat\u00e9gica, de projetos e de processos; comunica\u00e7\u00e3o estrat\u00e9gica; e desenvolvimento e capacita\u00e7\u00e3o. Os profissionais interessados em participar da sele\u00e7\u00e3o precisam ter foco em resultados, proatividade e criatividade, pois ser\u00e3o alocados na Secretaria de Gest\u00e3o do ME e j\u00e1 ter\u00e3o o seu primeiro desafio: trabalhar no projeto de acelera\u00e7\u00e3o da implanta\u00e7\u00e3o do teletrabalho nas institui\u00e7\u00f5es p\u00fablicas.<\/p>\n<p>Haver\u00e1 transmiss\u00e3o ao vivo sobre o assunto \u00e0s 9 horas do dia 18 de agosto (ter\u00e7a-feira). Mais informa\u00e7\u00f5es sobre o processo seletivo est\u00e3o dispon\u00edveis aqui.<\/p>\n<p><strong>EPPGG<\/strong><\/p>\n<p>Os servidores da carreira de Especialistas em Pol\u00edticas P\u00fablicas e Gest\u00e3o Governamental (EPPGG) representam uma for\u00e7a de trabalho altamente qualificada, com tempo m\u00e9dio de 16 anos de atua\u00e7\u00e3o no servi\u00e7o p\u00fablico, vis\u00e3o estrat\u00e9gica e sist\u00eamica de governo, experi\u00eancia em dire\u00e7\u00e3o e assessoramento, al\u00e9m de profundo conhecimento do Estado e ampla rede de relacionamentos.<\/p>\n","protected":false},"excerpt":{"rendered":"<p>S\u00e3o 10 vagas para Especialistas em Pol\u00edticas P\u00fablicas e Gest\u00e3o Governamental (EPPGGs). Inscri\u00e7\u00f5es abertas at\u00e9\u00a0 sexta-feira (21\/8). Os selecionados devem iniciar as atividades no dia 8 de setembro. A primeira tarefa ser\u00e1 trabalhar no projeto de acelera\u00e7\u00e3o da implanta\u00e7\u00e3o do teletrabalho nas institui\u00e7\u00f5es p\u00fablicas. A\u00a0previs\u00e3o \u00e9 de que mais 60 \u00f3rg\u00e3os participem do programa O Minist\u00e9rio da Economia informa que [&hellip;]<\/p>\n","protected":false},"author":27,"featured_media":0,"comment_status":"open","ping_status":"closed","sticky":false,"template":"","format":"standard","meta":{"footnotes":""},"categories":[2719],"tags":[948,188,1841,2940,17966,109,860,4384,2777,781,14327,1136,1596,16936,3381,316,17900,3678,1584],"class_list":["post-17326","post","type-post","status-publish","format-standard","hentry","category-servidor","tag-anesp","tag-carreira","tag-consultoria","tag-efetivos","tag-eppgg","tag-executiva","tag-financeiros","tag-gestores","tag-governamental","tag-inscricoes","tag-ministerio-da-economia","tag-produtividade","tag-programa","tag-projeto-piloto","tag-qualificados","tag-recursos","tag-secretaria-de-gestao","tag-selecionados","tag-teletrabalho"],"_links":{"self":[{"href":"https:\/\/blogs.correiobraziliense.com.br\/servidor\/wp-json\/wp\/v2\/posts\/17326","targetHints":{"allow":["GET"]}}],"collection":[{"href":"https:\/\/blogs.correiobraziliense.com.br\/servidor\/wp-json\/wp\/v2\/posts"}],"about":[{"href":"https:\/\/blogs.correiobraziliense.com.br\/servidor\/wp-json\/wp\/v2\/types\/post"}],"author":[{"embeddable":true,"href":"https:\/\/blogs.correiobraziliense.com.br\/servidor\/wp-json\/wp\/v2\/users\/27"}],"replies":[{"embeddable":true,"href":"https:\/\/blogs.correiobraziliense.com.br\/servidor\/wp-json\/wp\/v2\/comments?post=17326"}],"version-history":[{"count":1,"href":"https:\/\/blogs.correiobraziliense.com.br\/servidor\/wp-json\/wp\/v2\/posts\/17326\/revisions"}],"predecessor-version":[{"id":17327,"href":"https:\/\/blogs.correiobraziliense.com.br\/servidor\/wp-json\/wp\/v2\/posts\/17326\/revisions\/17327"}],"wp:attachment":[{"href":"https:\/\/blogs.correiobraziliense.com.br\/servidor\/wp-json\/wp\/v2\/media?parent=17326"}],"wp:term":[{"taxonomy":"category","embeddable":true,"href":"https:\/\/blogs.correiobraziliense.com.br\/servidor\/wp-json\/wp\/v2\/categories?post=17326"},{"taxonomy":"post_tag","embeddable":true,"href":"https:\/\/blogs.correiobraziliense.com.br\/servidor\/wp-json\/wp\/v2\/tags?post=17326"}],"curies":[{"name":"wp","href":"https:\/\/api.w.org\/{rel}","templated":true}]}}