{"id":17317,"date":"2020-08-17T11:59:35","date_gmt":"2020-08-17T14:59:35","guid":{"rendered":"https:\/\/blogs.correiobraziliense.com.br\/servidor\/?p=17317"},"modified":"2020-08-17T11:59:35","modified_gmt":"2020-08-17T14:59:35","slug":"afipea-aponta-danos-sociais-nas-pecs-187-e-188","status":"publish","type":"post","link":"https:\/\/blogs.correiobraziliense.com.br\/servidor\/afipea-aponta-danos-sociais-nas-pecs-187-e-188\/","title":{"rendered":"Afipea aponta danos sociais nas PECs 187 e 188"},"content":{"rendered":"<p><em><strong>A Associa\u00e7\u00e3o Nacional dos Funcion\u00e1rios do Ipea (Afipea), em nota t\u00e9cnica, destaca que, se aprovadas como est\u00e3o, as Propostas de Emenda \u00e0 Constitui\u00e7\u00e3o (PECs) 187\/2019 e 188\/2019, chamadas de emergenciais, podem causar petrifica\u00e7\u00e3o das contas p\u00fablicas e colapso social<\/strong><\/em><\/p>\n<p>As notas s\u00e3o de autoria dos economistas Jos\u00e9 Celso Cardoso Pereira Jr., presidente da Afipea, e de Camillo de Moraes Bassi, t\u00e9cnico de planejamento e pesquisa na Diretoria de Estudos e Pol\u00edticas Sociais (Disoc), do Ipea. Para ambos, as PECs emergenciais, ao inv\u00e9s de pleno emprego dos fatores de produ\u00e7\u00e3o e bem-estar geral das pessoas, &#8220;o liberalismo econ\u00f4mico vem entregando calamidades, como colapso ambiental, desemprego, subemprego, concentra\u00e7\u00e3o de renda e at\u00e9 mercantiliza\u00e7\u00e3o da ci\u00eancia&#8221;.<\/p>\n<p>De acordo com os estudos publicados pela Afipea, a PEC 187 (que cria fundos p\u00fablicos e extingue outros existentes) est\u00e1 &#8220;vendendo gato por lebre&#8221;. Na nota t\u00e9cnica, a entidade destaca que, se aprovada em 2020, os fundos eleg\u00edveis poderiam movimentar cerca de R$ 298.5 bilh\u00f5es. &#8220;Descontando-se as despesas obrigat\u00f3rias, as receitas at\u00edpicas e os restos a pagar, encontra-se de verdade um valor de R$ 15 bilh\u00f5es em \u201crecursos livres\u201d (leia-se: amortiza\u00e7\u00e3o da d\u00edvida p\u00fablica), cifra equivalente a 4.9% da dota\u00e7\u00e3o total dos fundos&#8221;.<\/p>\n<p>Isso significa que os recursos pass\u00edveis de libera\u00e7\u00e3o s\u00e3o inexpressivos, refor\u00e7a a entidade. &#8220;\u00c0 guisa de compara\u00e7\u00e3o, veja-se que se gasta, anualmente, com o passivo soberano, aproximadamente R$ 1,6 trilh\u00e3o; s\u00f3 em juros, s\u00e3o R$ 409 bilh\u00f5es. Em suma, os mencionados 15 bilh\u00f5es seriam algo como uma gota d\u2019\u00e1gua em meio ao oceano&#8221;.<\/p>\n<p>Sendo assim, a Afipea conclui que vale a pena repensar, primeiro, se os fundos p\u00fablicos devem mesmo ser extintos. Isso porque nem toda vincula\u00e7\u00e3o \u00e9 ruim, assim como nem toda a\u00e7\u00e3o estatal contrac\u00edclica e redistributiva \u00e9 negacionista do crescimento econ\u00f4mico e da prote\u00e7\u00e3o social.<\/p>\n<p>&#8220;Busca-se a flexibiliza\u00e7\u00e3o or\u00e7ament\u00e1ria, mas n\u00e3o ser\u00e1 por interm\u00e9dio dos fundos que ser\u00e1 alcan\u00e7ada. Por isso, reconsidere-se a destina\u00e7\u00e3o dos recursos. Se s\u00e3o irrelevantes no abatimento da d\u00edvida p\u00fablica, talvez fosse mais prof\u00edcuo direcion\u00e1-los a a\u00e7\u00f5es de erradica\u00e7\u00e3o da pobreza ou combate direto \u00e0 pandemia&#8221;, indica.<\/p>\n<p><a href=\"http:\/\/afipeasindical.org.br\/content\/uploads\/2020\/08\/NT-Afipea-35-10-Camilo-M-Bassi.pdf\">Veja a nota t\u00e9cnica na \u00edntegra<\/a>.<\/p>\n<p>Em rela\u00e7\u00e3o \u00e0 PEC 188 (prega a extin\u00e7\u00e3o de munic\u00edpios), a Afipea assinala que quebra o equil\u00edbrio fiscal intergeracional e provoca colapso social.\u00a0Se aprovada, representar\u00e1 uma forma de relativiza\u00e7\u00e3o ou severa restri\u00e7\u00e3o dos direitos sociais fundamentais, ao condicion\u00e1-los ao \u201cequil\u00edbrio fiscal intergeracional\u201d, mesmo sendo este um (pseudo) conceito, te\u00f3rica e empiricamente, question\u00e1vel, analisa.<\/p>\n<p>&#8220;N\u00e3o faz sentido constitucionalizar algo que representar\u00e1 uma esp\u00e9cie de petrifica\u00e7\u00e3o das finan\u00e7as p\u00fablicas brasileiras, uma verdadeira normaliza\u00e7\u00e3o da exce\u00e7\u00e3o, a instalar, essa sim, uma situa\u00e7\u00e3o futura de emerg\u00eancia fiscal permanente, na medida em que os crit\u00e9rios cont\u00e1beis auto impostos de aferi\u00e7\u00e3o e cumprimento das atuais regras fiscais brasileiras s\u00e3o inexequ\u00edveis na pr\u00e1tica e inadequadas teoricamente&#8221;, afirma o documento.<\/p>\n<p>A Afipea diz ainda que a aprova\u00e7\u00e3o da PEC 188 ser\u00e1 algo como a lei de conversibilidade do peso argentino ao d\u00f3lar, institu\u00edda em 1991 pelo governo ultraliberal e posteriormente abandonada em 2001 em fun\u00e7\u00e3o do colapso econ\u00f4mico que ela ajudou a produzir. &#8220;Ou seja, algo dessa natureza pode, sem exagero, colocar o Brasil numa rota de colapso econ\u00f4mico, social e pol\u00edtico do pa\u00eds como na\u00e7\u00e3o&#8221;, enfatiza.<\/p>\n<p><a href=\"http:\/\/afipeasindical.org.br\/noticias\/equilibrio-fiscal-intergeracional-e-colapso-social\/\">Veja a nota t\u00e9cnica na \u00edntegra<\/a>.<\/p>\n","protected":false},"excerpt":{"rendered":"<p>A Associa\u00e7\u00e3o Nacional dos Funcion\u00e1rios do Ipea (Afipea), em nota t\u00e9cnica, destaca que, se aprovadas como est\u00e3o, as Propostas de Emenda \u00e0 Constitui\u00e7\u00e3o (PECs) 187\/2019 e 188\/2019, chamadas de emergenciais, podem causar petrifica\u00e7\u00e3o das contas p\u00fablicas e colapso social As notas s\u00e3o de autoria dos economistas Jos\u00e9 Celso Cardoso Pereira Jr., presidente da Afipea, e de Camillo de Moraes Bassi, [&hellip;]<\/p>\n","protected":false},"author":27,"featured_media":0,"comment_status":"open","ping_status":"closed","sticky":false,"template":"","format":"standard","meta":{"footnotes":""},"categories":[2719],"tags":[17746,9386,4988,5332,963,2293,235,619,967,197,1803,2523,3061,67,16523,18093,944,7845,16499,16500,2372,358,18092,2103,7092],"class_list":["post-17317","post","type-post","status-publish","format-standard","hentry","category-servidor","tag-afipea","tag-ambiental","tag-bem-estar","tag-ciencia","tag-colapso","tag-desemprego","tag-despesas","tag-direitos","tag-divida-publica","tag-emprego","tag-equilibrio","tag-estatal","tag-financas","tag-fiscal","tag-fundos-publicos","tag-livres","tag-municipios","tag-obrigatorias","tag-pec-187-2019","tag-pec-188-2019","tag-producao","tag-renda","tag-restos-a-pagar","tag-social","tag-subemprego"],"_links":{"self":[{"href":"https:\/\/blogs.correiobraziliense.com.br\/servidor\/wp-json\/wp\/v2\/posts\/17317","targetHints":{"allow":["GET"]}}],"collection":[{"href":"https:\/\/blogs.correiobraziliense.com.br\/servidor\/wp-json\/wp\/v2\/posts"}],"about":[{"href":"https:\/\/blogs.correiobraziliense.com.br\/servidor\/wp-json\/wp\/v2\/types\/post"}],"author":[{"embeddable":true,"href":"https:\/\/blogs.correiobraziliense.com.br\/servidor\/wp-json\/wp\/v2\/users\/27"}],"replies":[{"embeddable":true,"href":"https:\/\/blogs.correiobraziliense.com.br\/servidor\/wp-json\/wp\/v2\/comments?post=17317"}],"version-history":[{"count":1,"href":"https:\/\/blogs.correiobraziliense.com.br\/servidor\/wp-json\/wp\/v2\/posts\/17317\/revisions"}],"predecessor-version":[{"id":17319,"href":"https:\/\/blogs.correiobraziliense.com.br\/servidor\/wp-json\/wp\/v2\/posts\/17317\/revisions\/17319"}],"wp:attachment":[{"href":"https:\/\/blogs.correiobraziliense.com.br\/servidor\/wp-json\/wp\/v2\/media?parent=17317"}],"wp:term":[{"taxonomy":"category","embeddable":true,"href":"https:\/\/blogs.correiobraziliense.com.br\/servidor\/wp-json\/wp\/v2\/categories?post=17317"},{"taxonomy":"post_tag","embeddable":true,"href":"https:\/\/blogs.correiobraziliense.com.br\/servidor\/wp-json\/wp\/v2\/tags?post=17317"}],"curies":[{"name":"wp","href":"https:\/\/api.w.org\/{rel}","templated":true}]}}