{"id":17315,"date":"2020-08-14T19:30:33","date_gmt":"2020-08-14T22:30:33","guid":{"rendered":"https:\/\/blogs.correiobraziliense.com.br\/servidor\/?p=17315"},"modified":"2020-08-14T19:30:33","modified_gmt":"2020-08-14T22:30:33","slug":"servidores-devem-ficar-atentos-ao-prazo-para-se-candidatar-nas-eleicoes","status":"publish","type":"post","link":"https:\/\/blogs.correiobraziliense.com.br\/servidor\/servidores-devem-ficar-atentos-ao-prazo-para-se-candidatar-nas-eleicoes\/","title":{"rendered":"Servidores devem ficar atentos ao prazo para se candidatar nas elei\u00e7\u00f5es"},"content":{"rendered":"<p><em><strong>O prazo de desincompatibiliza\u00e7\u00e3o para servidores p\u00fablicos foi adiado em 42 dias, para 15 de novembro, devido \u00e0 pandemia pelo novo coronav\u00edrus. Mas quem quiser concorrer \u00e0s elei\u00e7\u00f5es municipais, \u00e9 importante observar que a data-limite termina amanh\u00e3, s\u00e1bado (15\/8)<\/strong><\/em><\/p>\n<p>O calend\u00e1rio eleitoral para carreira como\u00a0policial militar, professor de escola p\u00fablica ou auxiliar de enfermagem exige o afastamento de tr\u00eas meses antes do primeiro primeiro turno aos candidatos aos cargos de prefeito e vereador. Quem est\u00e1 em cargo comissionado ou em gabinete da presid\u00eancia de C\u00e2maras Municipais, ter\u00e1 que pedir exonera\u00e7\u00e3o.<\/p>\n","protected":false},"excerpt":{"rendered":"<p>O prazo de desincompatibiliza\u00e7\u00e3o para servidores p\u00fablicos foi adiado em 42 dias, para 15 de novembro, devido \u00e0 pandemia pelo novo coronav\u00edrus. Mas quem quiser concorrer \u00e0s elei\u00e7\u00f5es municipais, \u00e9 importante observar que a data-limite termina amanh\u00e3, s\u00e1bado (15\/8) O calend\u00e1rio eleitoral para carreira como\u00a0policial militar, professor de escola p\u00fablica ou auxiliar de enfermagem exige o afastamento de tr\u00eas meses [&hellip;]<\/p>\n","protected":false},"author":27,"featured_media":0,"comment_status":"open","ping_status":"closed","sticky":false,"template":"","format":"standard","meta":{"footnotes":""},"categories":[2719],"tags":[16896,18091,2021,1690,17255,1174,3541,58,3542],"class_list":["post-17315","post","type-post","status-publish","format-standard","hentry","category-servidor","tag-coronavirus","tag-desincompatibilizacao","tag-eleicoes","tag-municipais","tag-pandemia","tag-prazo","tag-prefeito","tag-servidores","tag-vereador"],"_links":{"self":[{"href":"https:\/\/blogs.correiobraziliense.com.br\/servidor\/wp-json\/wp\/v2\/posts\/17315","targetHints":{"allow":["GET"]}}],"collection":[{"href":"https:\/\/blogs.correiobraziliense.com.br\/servidor\/wp-json\/wp\/v2\/posts"}],"about":[{"href":"https:\/\/blogs.correiobraziliense.com.br\/servidor\/wp-json\/wp\/v2\/types\/post"}],"author":[{"embeddable":true,"href":"https:\/\/blogs.correiobraziliense.com.br\/servidor\/wp-json\/wp\/v2\/users\/27"}],"replies":[{"embeddable":true,"href":"https:\/\/blogs.correiobraziliense.com.br\/servidor\/wp-json\/wp\/v2\/comments?post=17315"}],"version-history":[{"count":1,"href":"https:\/\/blogs.correiobraziliense.com.br\/servidor\/wp-json\/wp\/v2\/posts\/17315\/revisions"}],"predecessor-version":[{"id":17316,"href":"https:\/\/blogs.correiobraziliense.com.br\/servidor\/wp-json\/wp\/v2\/posts\/17315\/revisions\/17316"}],"wp:attachment":[{"href":"https:\/\/blogs.correiobraziliense.com.br\/servidor\/wp-json\/wp\/v2\/media?parent=17315"}],"wp:term":[{"taxonomy":"category","embeddable":true,"href":"https:\/\/blogs.correiobraziliense.com.br\/servidor\/wp-json\/wp\/v2\/categories?post=17315"},{"taxonomy":"post_tag","embeddable":true,"href":"https:\/\/blogs.correiobraziliense.com.br\/servidor\/wp-json\/wp\/v2\/tags?post=17315"}],"curies":[{"name":"wp","href":"https:\/\/api.w.org\/{rel}","templated":true}]}}