{"id":17285,"date":"2020-08-13T19:51:42","date_gmt":"2020-08-13T22:51:42","guid":{"rendered":"https:\/\/blogs.correiobraziliense.com.br\/servidor\/?p=17285"},"modified":"2020-08-13T20:02:38","modified_gmt":"2020-08-13T23:02:38","slug":"denuncias-sobre-imposicao-do-ensino-remoto-emergencial-na-ufrrj-sao-equivocadas","status":"publish","type":"post","link":"https:\/\/blogs.correiobraziliense.com.br\/servidor\/denuncias-sobre-imposicao-do-ensino-remoto-emergencial-na-ufrrj-sao-equivocadas\/","title":{"rendered":"Den\u00fancias sobre imposi\u00e7\u00e3o do ensino remoto emergencial na UFRRJ s\u00e3o &#8220;equivocadas&#8221;"},"content":{"rendered":"<div class=\"gmail_default\"><em><strong>De acordo com nota da assessoria de imprensa da Universidade Federal Rural do Rio de Janeiro (UFRRJ), o grupo que fez a den\u00fancia ao Blog do Servidor contra o comportamento da reitoria na reuni\u00e3o para decidir sobre ensino remoto ignorou os debates das propostas,\u00a0com &#8220;a nomea\u00e7\u00e3o dos coordenadores de quatro grupos de trabalho, que reuniram mais de cem integrantes da comunidade universit\u00e1ria (t\u00e9cnicos, docentes e discentes), representantes de ambientes colegiados, unidades acad\u00eamicos e grupos organizados&#8221;<\/strong><\/em><\/div>\n<div><\/div>\n<div class=\"gmail_default\">Veja a nota:<\/div>\n<div><\/div>\n<div class=\"gmail_default\">&#8220;Em rela\u00e7\u00e3o a sua publica\u00e7\u00e3o do dia 4 de agosto<span style=\"font-size: small\">\u00a0 &#8220;Com pressuposto de \u201cdemocracia\u201d, ensino remoto emergencial \u00e9 imposto na UFRRJ&#8221;<\/span>\u00a0:\u00a0<a href=\"https:\/\/blogs.correiobraziliense.com.br\/servidor\/com-pressuposto-de-democracia-ensino-remoto-emergencial-e-imposto-na-ufrrj\/#disqus_thread\" target=\"_blank\" rel=\"noopener\">https:\/\/blogs.correiobraziliense.com.br\/servidor\/com-pressuposto-de-democracia-ensino-remoto-emergencial-e-imposto-na-ufrrj\/#disqus_thread<\/a>\u00a0 gostar\u00edamos de esclarecer que o grupo que &#8220;denunciou&#8221; a imposi\u00e7\u00e3o do ensino remoto emergencial fez essa comunica\u00e7\u00e3o de forma o m\u00ednimo equivocada.<\/div>\n<div><\/div>\n<div class=\"gmail_default\">Os debates para a cria\u00e7\u00e3o das propostas para o ensino remoto (que nomeamos na UFRRJ como Estudos Continuados Emergenciais) come\u00e7aram no dia 14 de maio, com a nomea\u00e7\u00e3o dos coordenadores de quatro grupos de trabalho, que reuniram mais de cem integrantes da comunidade universit\u00e1ria (t\u00e9cnicos, docentes e discentes), representantes de ambientes colegiados, unidades acad\u00eamicos e grupos organizados.<\/div>\n<div class=\"gmail_default\"><\/div>\n<div class=\"gmail_default\">At\u00e9 que a proposta final das normativas dos Estudos Continuados Emergenciais fosse levada \u00e0 sess\u00e3o do Conselho Universit\u00e1rio, mencionada em seu texto, aconteceram v\u00e1rias a\u00e7\u00f5es envolvendo a comunidade: pesquisa sobre uso de tecnologias, audi\u00eancia p\u00fablica (96% de apoio dos docentes, 89% de apoio dos estudantes), avalia\u00e7\u00e3o (com contribui\u00e7\u00e3o) \u00e0s propostas mediadas por diretores, coordenadores e chefes de departamento, al\u00e9m dos Conselhos de Ensino, Pesquisa e Extens\u00e3o e Conselho Superior, que tamb\u00e9m discutiram o documento antes de ser submetido \u00e0 aprova\u00e7\u00e3o.<\/div>\n<div class=\"gmail_default\"><\/div>\n<div class=\"gmail_default\">O processo descrito acima est\u00e1 registrado em uma linha do tempo, que a Coordenadoria de Comunica\u00e7\u00e3o Social publicou no site, com atualiza\u00e7\u00f5es regulares, para que pudesse\u00a0 ser acompanhado por toda a comunidade universit\u00e1ria:\u00a0<a href=\"http:\/\/portal.ufrrj.br\/propostas-e-acoes-para-estudos-continuados-emergenciais-na-ufrrj\/\" target=\"_blank\" rel=\"noopener\">http:\/\/portal.ufrrj.br\/propostas-e-acoes-para-estudos-continuados-emergenciais-na-ufrrj\/<\/a>\u00a0\u00a0\u00a0 ou\u00a0<a href=\"http:\/\/portal.ufrrj.br\/\" target=\"_blank\" rel=\"noopener\">http:\/\/portal.ufrrj.br<\/a><\/div>\n<div><\/div>\n<div class=\"gmail_default\">Desta forma, esperamos ter esclarecido que n\u00e3o se tratou de uma imposi\u00e7\u00e3o, mas de um longo processo de constru\u00e7\u00e3o democr\u00e1tica.<\/div>\n<div class=\"gmail_default\"><\/div>\n<div class=\"gmail_default\">\u00a0Coordenadoria da Coordenadoria de Comunica\u00e7\u00e3o Social da UFRRJ&#8221;<\/div>\n<div>\n<div dir=\"ltr\">\n<div dir=\"ltr\">\n<div><\/div>\n<div>\n<div class=\"yj6qo\"><\/div>\n<div class=\"gmail_default adL\"><\/div>\n<\/div>\n<\/div>\n<\/div>\n<\/div>\n","protected":false},"excerpt":{"rendered":"<p>De acordo com nota da assessoria de imprensa da Universidade Federal Rural do Rio de Janeiro (UFRRJ), o grupo que fez a den\u00fancia ao Blog do Servidor contra o comportamento da reitoria na reuni\u00e3o para decidir sobre ensino remoto ignorou os debates das propostas,\u00a0com &#8220;a nomea\u00e7\u00e3o dos coordenadores de quatro grupos de trabalho, que reuniram mais de cem integrantes da [&hellip;]<\/p>\n","protected":false},"author":27,"featured_media":0,"comment_status":"open","ping_status":"closed","sticky":false,"template":"","format":"standard","meta":{"footnotes":""},"categories":[2719],"tags":[4906,2029,4053,457,16762,17480,9038,187,1157,18025],"class_list":["post-17285","post","type-post","status-publish","format-standard","hentry","category-servidor","tag-comunidade","tag-conselho","tag-democracia","tag-denuncias","tag-emergencial","tag-ensino-remoto","tag-imposicao","tag-pesquisa","tag-processo","tag-ufrrj"],"_links":{"self":[{"href":"https:\/\/blogs.correiobraziliense.com.br\/servidor\/wp-json\/wp\/v2\/posts\/17285","targetHints":{"allow":["GET"]}}],"collection":[{"href":"https:\/\/blogs.correiobraziliense.com.br\/servidor\/wp-json\/wp\/v2\/posts"}],"about":[{"href":"https:\/\/blogs.correiobraziliense.com.br\/servidor\/wp-json\/wp\/v2\/types\/post"}],"author":[{"embeddable":true,"href":"https:\/\/blogs.correiobraziliense.com.br\/servidor\/wp-json\/wp\/v2\/users\/27"}],"replies":[{"embeddable":true,"href":"https:\/\/blogs.correiobraziliense.com.br\/servidor\/wp-json\/wp\/v2\/comments?post=17285"}],"version-history":[{"count":3,"href":"https:\/\/blogs.correiobraziliense.com.br\/servidor\/wp-json\/wp\/v2\/posts\/17285\/revisions"}],"predecessor-version":[{"id":17288,"href":"https:\/\/blogs.correiobraziliense.com.br\/servidor\/wp-json\/wp\/v2\/posts\/17285\/revisions\/17288"}],"wp:attachment":[{"href":"https:\/\/blogs.correiobraziliense.com.br\/servidor\/wp-json\/wp\/v2\/media?parent=17285"}],"wp:term":[{"taxonomy":"category","embeddable":true,"href":"https:\/\/blogs.correiobraziliense.com.br\/servidor\/wp-json\/wp\/v2\/categories?post=17285"},{"taxonomy":"post_tag","embeddable":true,"href":"https:\/\/blogs.correiobraziliense.com.br\/servidor\/wp-json\/wp\/v2\/tags?post=17285"}],"curies":[{"name":"wp","href":"https:\/\/api.w.org\/{rel}","templated":true}]}}