{"id":17277,"date":"2020-08-13T13:52:39","date_gmt":"2020-08-13T16:52:39","guid":{"rendered":"https:\/\/blogs.correiobraziliense.com.br\/servidor\/?p=17277"},"modified":"2020-08-13T13:52:39","modified_gmt":"2020-08-13T16:52:39","slug":"bem-estar-financeiro-e-qualidade-de-vida-na-maturidade","status":"publish","type":"post","link":"https:\/\/blogs.correiobraziliense.com.br\/servidor\/bem-estar-financeiro-e-qualidade-de-vida-na-maturidade\/","title":{"rendered":"Bem-estar financeiro e qualidade de vida na maturidade"},"content":{"rendered":"<p><em><strong>A Comiss\u00e3o de Valores Mobili\u00e1rios (CVM) far\u00e1 um evento exclusivamente para idosos, com transmiss\u00e3o online, em 27 de agosto, \u00e0s 19h. A autarquia vai debater\u00a0temas como sa\u00fade, bem-estar financeiro e prote\u00e7\u00e3o financeira para o p\u00fablico idoso\u00a0<\/strong><\/em><\/p>\n<p>Os interessados em participar do evento devem se inscrever at\u00e9 o dia 24,\u00a0 por meio de <a href=\"https:\/\/docs.google.com\/forms\/d\/e\/1FAIpQLSeKCm1t0PR4ry8T0LndXCtyxwtXp5DAA5_2I-45raM46ZTMAA\/viewform\">formul\u00e1rio<\/a>.\u00a0O webinar ser\u00e1 transmitido na Plataforma NetGlobe, dispon\u00edvel em <a href=\"https:\/\/cloud.netglobe.com.br\/webcast\/cvmsoi\">https:\/\/cloud.netglobe.com.br\/webcast\/cvmsoi<\/a> (link para site externo).\u00a0Os participantes poder\u00e3o interagir com os debatedores por meio de chat que ficar\u00e1 dispon\u00edvel durante o evento.<\/p>\n<p>De acordo com a CVM, o aumento da popula\u00e7\u00e3o idosa \u00e9 uma tend\u00eancia demogr\u00e1fica que se acelera cada vez mais nos pa\u00edses em desenvolvimento e consequentemente impactar\u00e1 a demanda por produtos e servi\u00e7os financeiros.<\/p>\n<p>&#8220;Uma popula\u00e7\u00e3o mais longeva requer uma reinterpreta\u00e7\u00e3o do que se conhece hoje sobre Prote\u00e7\u00e3o dos Investidores. As especificidades do p\u00fablico idoso evocam n\u00e3o s\u00f3 a necessidade de educa\u00e7\u00e3o dos investidores e consultoria financeira, mas a forma de como os processos e a comunica\u00e7\u00e3o ocorrer\u00e3o para este grupo&#8221;, ressalta.<\/p>\n<p><strong>Convidados:<\/strong><br \/>\n\u00b7 Superintendente de Prote\u00e7\u00e3o e Orienta\u00e7\u00e3o aos Investidores da CVM, Jos\u00e9 Alexandre Cavalcanti Vasco.<\/p>\n<p>\u00b7 Coordenador do Centro para Doen\u00e7a de Alzheimer e outros transtornos relacionados ao idoso do Instituto de Psiquiatria da UFRJ, Jerson Laks.<\/p>\n<p>Promotora de Justi\u00e7a e conselheira fiscal da AMPID (Associa\u00e7\u00e3o Nacional dos Membros do Minist\u00e9rio P\u00fablico de Defesa dos Direitos dos Idosos e Pessoas com Defici\u00eancia), Cristiane Branquinho.<br \/>\nConselheira da Anbima e da Planejar, Marcia Dessen.<\/p>\n","protected":false},"excerpt":{"rendered":"<p>A Comiss\u00e3o de Valores Mobili\u00e1rios (CVM) far\u00e1 um evento exclusivamente para idosos, com transmiss\u00e3o online, em 27 de agosto, \u00e0s 19h. A autarquia vai debater\u00a0temas como sa\u00fade, bem-estar financeiro e prote\u00e7\u00e3o financeira para o p\u00fablico idoso\u00a0 Os interessados em participar do evento devem se inscrever at\u00e9 o dia 24,\u00a0 por meio de formul\u00e1rio.\u00a0O webinar ser\u00e1 transmitido na Plataforma NetGlobe, dispon\u00edvel [&hellip;]<\/p>\n","protected":false},"author":27,"featured_media":0,"comment_status":"open","ping_status":"closed","sticky":false,"template":"","format":"standard","meta":{"footnotes":""},"categories":[2719],"tags":[4988,1841,215,48,443,1619,10844,2746,787,616,372],"class_list":["post-17277","post","type-post","status-publish","format-standard","hentry","category-servidor","tag-bem-estar","tag-consultoria","tag-cvm","tag-educacao","tag-idosos","tag-investidores","tag-maturidade","tag-protecao","tag-qualidade","tag-saude","tag-vida"],"_links":{"self":[{"href":"https:\/\/blogs.correiobraziliense.com.br\/servidor\/wp-json\/wp\/v2\/posts\/17277","targetHints":{"allow":["GET"]}}],"collection":[{"href":"https:\/\/blogs.correiobraziliense.com.br\/servidor\/wp-json\/wp\/v2\/posts"}],"about":[{"href":"https:\/\/blogs.correiobraziliense.com.br\/servidor\/wp-json\/wp\/v2\/types\/post"}],"author":[{"embeddable":true,"href":"https:\/\/blogs.correiobraziliense.com.br\/servidor\/wp-json\/wp\/v2\/users\/27"}],"replies":[{"embeddable":true,"href":"https:\/\/blogs.correiobraziliense.com.br\/servidor\/wp-json\/wp\/v2\/comments?post=17277"}],"version-history":[{"count":1,"href":"https:\/\/blogs.correiobraziliense.com.br\/servidor\/wp-json\/wp\/v2\/posts\/17277\/revisions"}],"predecessor-version":[{"id":17278,"href":"https:\/\/blogs.correiobraziliense.com.br\/servidor\/wp-json\/wp\/v2\/posts\/17277\/revisions\/17278"}],"wp:attachment":[{"href":"https:\/\/blogs.correiobraziliense.com.br\/servidor\/wp-json\/wp\/v2\/media?parent=17277"}],"wp:term":[{"taxonomy":"category","embeddable":true,"href":"https:\/\/blogs.correiobraziliense.com.br\/servidor\/wp-json\/wp\/v2\/categories?post=17277"},{"taxonomy":"post_tag","embeddable":true,"href":"https:\/\/blogs.correiobraziliense.com.br\/servidor\/wp-json\/wp\/v2\/tags?post=17277"}],"curies":[{"name":"wp","href":"https:\/\/api.w.org\/{rel}","templated":true}]}}