{"id":17251,"date":"2020-08-11T20:22:58","date_gmt":"2020-08-11T23:22:58","guid":{"rendered":"https:\/\/blogs.correiobraziliense.com.br\/servidor\/?p=17251"},"modified":"2020-08-11T20:22:58","modified_gmt":"2020-08-11T23:22:58","slug":"entidades-do-fonasefe-repudiam-declaracoes-de-rodrigo-maia","status":"publish","type":"post","link":"https:\/\/blogs.correiobraziliense.com.br\/servidor\/entidades-do-fonasefe-repudiam-declaracoes-de-rodrigo-maia\/","title":{"rendered":"Entidades do Fonasefe repudiam declara\u00e7\u00f5es de Rodrigo Maia"},"content":{"rendered":"<p><em><strong>V\u00e1rias entidades que comp\u00f5es o F\u00f3rum das Entidades Nacionais dos Servidores P\u00fablicos Federais assinam mo\u00e7\u00e3o de rep\u00fadio. &#8220;O que precisamos \u00e9 de investimento p\u00fablico em pol\u00edticas p\u00fablicas e, para\u00a0isso, \u00e9 necess\u00e1rio e urgente a realiza\u00e7\u00e3o de concursos, estrutura\u00e7\u00e3o de carreiras,\u00a0valoriza\u00e7\u00e3o do(a)s servidore(a)s, condi\u00e7\u00f5es adequadas de trabalho e dota\u00e7\u00e3o\u00a0or\u00e7amentaria para que os direitos n\u00e3o sejam reduzidos a benesses desse ou de\u00a0qualquer outro governo&#8221;<\/strong><\/em><\/p>\n<p>Veja a nota:<\/p>\n<p>&#8220;Fica expl\u00edcito que a intens\u00e3o dos meios de comunica\u00e7\u00e3o, assim como do\u00a0Presidente da C\u00e2mara Rodrigo Maia, \u00e9 dar continuidade ao projeto de\u00a0desestrutura\u00e7\u00e3o das pol\u00edticas p\u00fablicas a partir das contrarreformas ultraliberais, que\u00a0retiram direitos do(a)s trabalhadores(a)s, precarizam as condi\u00e7\u00f5es de vida da\u00a0popula\u00e7\u00e3o mais pobre e a relegam a sua pr\u00f3pria sorte na luta pela defesa da vida,\u00a0como estamos vivendo agora no per\u00edodo da pandemia.<\/p>\n<p>Mais uma vez, o lucro e a\u00a0apropria\u00e7\u00e3o privada do fundo p\u00fablico se explicitam. Querem deixar o funcionalismo<br \/>\np\u00fablico nas mesmas condi\u00e7\u00f5es do(a)s trabalhadore(a)s terceirizado(a)s e\u00a0uberizado(a)s, e, com isso, deixar de garantir servi\u00e7os p\u00fablicos para a popula\u00e7\u00e3o.\u00a0N\u00e3o tenhamos ilus\u00e3o com as aparentes disson\u00e2ncias entre o Executivo do\u00a0pa\u00eds e grandes lideran\u00e7as do Congresso Nacional, muito menos nas discord\u00e2ncias\u00a0entre alguns meios de comunica\u00e7\u00e3o e o presidente da Rep\u00fablica.<\/p>\n<p>Apesar de\u00a0falarem que est\u00e3o preocupados com as vidas e estarem dando ampla cobertura\u00a0para a situa\u00e7\u00e3o que o pa\u00eds vive dada a pandemia, voltaram a fazer coro com os\u00a0ricos, ao responsabilizar o funcionalismo p\u00fablico pela crise do Estado, ao divulgar\u00a0as contrarreformas como necess\u00e1rias e essenciais para conduzir o pa\u00eds nos rumos\u00a0do capitalismo.<\/p>\n<p>O que precisamos \u00e9 de investimento p\u00fablico em pol\u00edticas p\u00fablicas e, para\u00a0isso, e necess\u00e1rio e urgente a realiza\u00e7\u00e3o de concursos, estrutura\u00e7\u00e3o de carreiras,\u00a0valoriza\u00e7\u00e3o do(a)s servidore(a)s, condi\u00e7\u00f5es adequadas de trabalho e dota\u00e7\u00e3o\u00a0or\u00e7amentaria para que os direitos n\u00e3o sejam reduzidos a benesses desse ou de\u00a0qualquer outro governo. E preciso colocar a vida acima dos lucros!<\/p>\n<p>\u2714 Pela valoriza\u00e7\u00e3o do(a)s Servidore(a)s P\u00fablico(a)s!<br \/>\n\u2714 Pela garantia de direitos para toda a popula\u00e7\u00e3o!<br \/>\n\u2714 N\u00e3o \u00e0 reforma administrativa, que retira direitos da popula\u00e7\u00e3o!<br \/>\n\u2714 Taxa\u00e7\u00e3o das grandes fortunas, j\u00e1!<\/p>\n<p>FORUM DAS ENTIDADES NACIONAIS DOS SERVIDORES PUBLICOS FEDERAIS<br \/>\nANDES-SN \u2013 ANFFA-Sindical \u2013 ASFOC-SN \u2013 ASMETRO-SN \u2013 ASSIBGE-SN &#8211; CGTB &#8211; CNTSS \u2013 CONDSEF \u2013<br \/>\nCSPB &#8211; CSP\/CONLUTAS \u2013 C.T.B \u2013 CUT &#8211; FASUBRA &#8211; FENAJUFE \u2013 FENAPRF \u2013 FENASPS \u2013 INTERSINDICAL &#8211;<br \/>\nPROIFES \u2013 SINAIT \u2013 SINAL &#8211; SINASEFE \u2013 SINDCT &#8211; SINDIFISCO-Nacional \u2013 SINDIRECEITA \u2013 SINTBACEN \u2013<br \/>\nUNACON-Sindical&#8221;<\/p>\n","protected":false},"excerpt":{"rendered":"<p>V\u00e1rias entidades que comp\u00f5es o F\u00f3rum das Entidades Nacionais dos Servidores P\u00fablicos Federais assinam mo\u00e7\u00e3o de rep\u00fadio. &#8220;O que precisamos \u00e9 de investimento p\u00fablico em pol\u00edticas p\u00fablicas e, para\u00a0isso, \u00e9 necess\u00e1rio e urgente a realiza\u00e7\u00e3o de concursos, estrutura\u00e7\u00e3o de carreiras,\u00a0valoriza\u00e7\u00e3o do(a)s servidore(a)s, condi\u00e7\u00f5es adequadas de trabalho e dota\u00e7\u00e3o\u00a0or\u00e7amentaria para que os direitos n\u00e3o sejam reduzidos a benesses desse ou de\u00a0qualquer [&hellip;]<\/p>\n","protected":false},"author":27,"featured_media":0,"comment_status":"open","ping_status":"closed","sticky":false,"template":"","format":"standard","meta":{"footnotes":""},"categories":[2719],"tags":[55,559,23,100,619,7421,1164,98,1181,217,17255,10851,524],"class_list":["post-17251","post","type-post","status-publish","format-standard","hentry","category-servidor","tag-carreiras","tag-comunicacao","tag-concursos","tag-congresso","tag-direitos","tag-fonasefe","tag-funcionalismo","tag-governo","tag-imprensa","tag-investimento","tag-pandemia","tag-politicas-publicas","tag-valorizacao"],"_links":{"self":[{"href":"https:\/\/blogs.correiobraziliense.com.br\/servidor\/wp-json\/wp\/v2\/posts\/17251","targetHints":{"allow":["GET"]}}],"collection":[{"href":"https:\/\/blogs.correiobraziliense.com.br\/servidor\/wp-json\/wp\/v2\/posts"}],"about":[{"href":"https:\/\/blogs.correiobraziliense.com.br\/servidor\/wp-json\/wp\/v2\/types\/post"}],"author":[{"embeddable":true,"href":"https:\/\/blogs.correiobraziliense.com.br\/servidor\/wp-json\/wp\/v2\/users\/27"}],"replies":[{"embeddable":true,"href":"https:\/\/blogs.correiobraziliense.com.br\/servidor\/wp-json\/wp\/v2\/comments?post=17251"}],"version-history":[{"count":1,"href":"https:\/\/blogs.correiobraziliense.com.br\/servidor\/wp-json\/wp\/v2\/posts\/17251\/revisions"}],"predecessor-version":[{"id":17252,"href":"https:\/\/blogs.correiobraziliense.com.br\/servidor\/wp-json\/wp\/v2\/posts\/17251\/revisions\/17252"}],"wp:attachment":[{"href":"https:\/\/blogs.correiobraziliense.com.br\/servidor\/wp-json\/wp\/v2\/media?parent=17251"}],"wp:term":[{"taxonomy":"category","embeddable":true,"href":"https:\/\/blogs.correiobraziliense.com.br\/servidor\/wp-json\/wp\/v2\/categories?post=17251"},{"taxonomy":"post_tag","embeddable":true,"href":"https:\/\/blogs.correiobraziliense.com.br\/servidor\/wp-json\/wp\/v2\/tags?post=17251"}],"curies":[{"name":"wp","href":"https:\/\/api.w.org\/{rel}","templated":true}]}}