{"id":17248,"date":"2020-08-11T16:38:01","date_gmt":"2020-08-11T19:38:01","guid":{"rendered":"https:\/\/blogs.correiobraziliense.com.br\/servidor\/?p=17248"},"modified":"2020-08-11T16:38:38","modified_gmt":"2020-08-11T19:38:38","slug":"condsef-falha-ou-ma-fe","status":"publish","type":"post","link":"https:\/\/blogs.correiobraziliense.com.br\/servidor\/condsef-falha-ou-ma-fe\/","title":{"rendered":"Condsef &#8211; Falha ou m\u00e1 f\u00e9"},"content":{"rendered":"<p><em><strong>Por meio de nota, a Confedera\u00e7\u00e3o Nacional dos Trabalhadores no Servi\u00e7o P\u00fablico Federal (Condsej) destaca que o\u00a0 incha\u00e7o da m\u00e1quina p\u00fablica \u00e9 uma fic\u00e7\u00e3o que precisa ser desfeita em nome do bem-estar social. &#8220;Disparidades salariais de exce\u00e7\u00e3o n\u00e3o podem ser usadas contra uma categoria inteira dedicada \u00e0 popula\u00e7\u00e3o brasileira&#8221;, afirma<\/strong><\/em><\/p>\n<p>&#8220;A maioria dos servidores p\u00fablicos federais n\u00e3o recebem super-sal\u00e1rios e precisaram de complementa\u00e7\u00e3o de sal\u00e1rio m\u00ednimo na d\u00e9cada de 1990. Hoje, a maioria dos vencimentos dos empregados da Uni\u00e3o est\u00e1 perto do que o Dieese reconhece como sal\u00e1rio m\u00ednimo necess\u00e1rio: R$ 4,5. O absurdo \u00e9 a iniciativa privada pagar aos seus trabalhadores sal\u00e1rios m\u00ednimos desumanos e n\u00e3o conceder direitos previstos em lei&#8221;, refor\u00e7a a Condsef.<\/p>\n<p>Veja a nota:<\/p>\n<p>&#8220;A Confedera\u00e7\u00e3o dos Trabalhadores no Servi\u00e7o P\u00fablico Federal alerta para a burla dos n\u00fameros divulgados pelo Instituto Millenium que, fr\u00e1geis por falha metodol\u00f3gica ou m\u00e1-f\u00e9, desinformam a popula\u00e7\u00e3o, cuja maioria \u00e9 usu\u00e1ria de servi\u00e7os p\u00fablicos universais garantidos pela Constitui\u00e7\u00e3o Federal. O problema da falta de investimentos em Sa\u00fade e Educa\u00e7\u00e3o reside na Emenda Constitucional n\u00ba 95, que congelou aportes nos setores por vinte anos. Em quatro anos de congelamento, R$ 20 bilh\u00f5es deixaram de ir para o Sistema \u00danico de Sa\u00fade (SUS).<\/p>\n<p>Ressalta-se tamb\u00e9m que os &#8220;gastos&#8221; com Sa\u00fade e Educa\u00e7\u00e3o, bem como qualquer outro setor de pol\u00edticas p\u00fablicas, envolve necessariamente &#8220;gasto&#8221; com servidores. N\u00e3o h\u00e1 hospitais sem m\u00e9dicos e enfermeiros, bem como n\u00e3o h\u00e1 universidades sem professores. S\u00e3o investimentos basilares.<\/p>\n<p>A maioria dos servidores p\u00fablicos federais n\u00e3o recebem super-sal\u00e1rios e precisaram de complementa\u00e7\u00e3o de sal\u00e1rio m\u00ednimo na d\u00e9cada de 1990. Hoje, a maioria dos vencimentos dos empregados da Uni\u00e3o est\u00e1 perto do que o Dieese reconhece como sal\u00e1rio m\u00ednimo necess\u00e1rio: R$ 4,5. O absurdo \u00e9 a iniciativa privada pagar aos seus trabalhadores sal\u00e1rios m\u00ednimos desumanos e n\u00e3o conceder direitos previstos em lei.<\/p>\n<p>A categoria de servidores p\u00fablicos n\u00e3o possui Fundo de Garantia por Tempo de Servi\u00e7o (FGTS) e contribui com al\u00edquotas superiores \u00e0 Previd\u00eancia Social, mesmo servidores j\u00e1 aposentados. Exonera\u00e7\u00f5es tamb\u00e9m s\u00e3o previstas por lei. Segundo CGU, desde 2003, 16.681 trabalhadores foram expulsos, o que significa mais de 2 demiss\u00f5es, cassa\u00e7\u00f5es ou destitui\u00e7\u00f5es por dia, nos \u00faltimos 15 anos.<\/p>\n<p>De acordo com o Atlas do Estado Brasileiro do Instituto de Pesquisa Econ\u00f4mica Aplicada (Ipea), a quantidade de servidores p\u00fablicos federais \u00e9 a mesma h\u00e1 mais de 30 anos. O incha\u00e7o da m\u00e1quina p\u00fablica \u00e9 uma fic\u00e7\u00e3o que precisa ser desfeita em nome do bem-estar social. Disparidades salariais de exce\u00e7\u00e3o n\u00e3o podem ser usadas contra uma categoria inteira dedicada \u00e0 popula\u00e7\u00e3o brasileira.<\/p>\n<p>S\u00e3o servidores p\u00fablicos que atendem a popula\u00e7\u00e3o v\u00edtima de Covid-19; que limpam as ruas diariamente; que fiscalizam e denunciam o desmatamento na Amaz\u00f4nia; que protegem ind\u00edgenas e reivindicam pol\u00edticas p\u00fablicas adequadas; que d\u00e3o aula e impedem a privatiza\u00e7\u00e3o das universidades p\u00fablicas; que zelam pelo respeito aos direitos trabalhistas e atendem a popula\u00e7\u00e3o no que ela precisar. H\u00e1 muitas defici\u00eancias, \u00e9 certo, mas por falta de investimentos do governo em equipamentos, estrutura, pol\u00edticas e concursos, que s\u00e3o amplos e democr\u00e1ticos, abertos a todos.<\/p>\n<p>Servidores efetivos n\u00e3o ocupam os cargos por privil\u00e9gio, mas por estudo e dedica\u00e7\u00e3o do papel do Estado. O desejo de servi\u00e7os p\u00fablicos de qualidade \u00e9 uma realidade constante e a luta deve ser pela prote\u00e7\u00e3o do patrim\u00f4nio p\u00fablico, n\u00e3o pela sua extin\u00e7\u00e3o. Menos servidores significa menos atendimentos \u00e0s necessidades da popula\u00e7\u00e3o. Para um pa\u00eds do tamanho do Brasil, a salva\u00e7\u00e3o est\u00e1 na amplia\u00e7\u00e3o de investimentos em servi\u00e7os b\u00e1sicos, que ser\u00e3o executados e fiscalizados pelos trabalhadores da administra\u00e7\u00e3o p\u00fablica. Sem eles, n\u00e3o h\u00e1 Estado solid\u00e1rio e democr\u00e1tico poss\u00edvel.&#8221;<\/p>\n","protected":false},"excerpt":{"rendered":"<p>Por meio de nota, a Confedera\u00e7\u00e3o Nacional dos Trabalhadores no Servi\u00e7o P\u00fablico Federal (Condsej) destaca que o\u00a0 incha\u00e7o da m\u00e1quina p\u00fablica \u00e9 uma fic\u00e7\u00e3o que precisa ser desfeita em nome do bem-estar social. &#8220;Disparidades salariais de exce\u00e7\u00e3o n\u00e3o podem ser usadas contra uma categoria inteira dedicada \u00e0 popula\u00e7\u00e3o brasileira&#8221;, afirma &#8220;A maioria dos servidores p\u00fablicos federais n\u00e3o recebem super-sal\u00e1rios e [&hellip;]<\/p>\n","protected":false},"author":27,"featured_media":0,"comment_status":"open","ping_status":"closed","sticky":false,"template":"","format":"standard","meta":{"footnotes":""},"categories":[2719],"tags":[5103,1486,2584,48,1635,9491,9673,1008,4693,10851,147,1805,616,58,18055,2000,19,330,2926],"class_list":["post-17248","post","type-post","status-publish","format-standard","hentry","category-servidor","tag-complementacao","tag-condsef","tag-constituicao","tag-educacao","tag-gasto","tag-inchaco","tag-iniciativa-privada","tag-investimentos","tag-maquina","tag-politicas-publicas","tag-publica","tag-salario-minimo","tag-saude","tag-servidores","tag-super-salarios","tag-sus","tag-trabalhadores","tag-uniao","tag-vencimentos"],"_links":{"self":[{"href":"https:\/\/blogs.correiobraziliense.com.br\/servidor\/wp-json\/wp\/v2\/posts\/17248","targetHints":{"allow":["GET"]}}],"collection":[{"href":"https:\/\/blogs.correiobraziliense.com.br\/servidor\/wp-json\/wp\/v2\/posts"}],"about":[{"href":"https:\/\/blogs.correiobraziliense.com.br\/servidor\/wp-json\/wp\/v2\/types\/post"}],"author":[{"embeddable":true,"href":"https:\/\/blogs.correiobraziliense.com.br\/servidor\/wp-json\/wp\/v2\/users\/27"}],"replies":[{"embeddable":true,"href":"https:\/\/blogs.correiobraziliense.com.br\/servidor\/wp-json\/wp\/v2\/comments?post=17248"}],"version-history":[{"count":2,"href":"https:\/\/blogs.correiobraziliense.com.br\/servidor\/wp-json\/wp\/v2\/posts\/17248\/revisions"}],"predecessor-version":[{"id":17250,"href":"https:\/\/blogs.correiobraziliense.com.br\/servidor\/wp-json\/wp\/v2\/posts\/17248\/revisions\/17250"}],"wp:attachment":[{"href":"https:\/\/blogs.correiobraziliense.com.br\/servidor\/wp-json\/wp\/v2\/media?parent=17248"}],"wp:term":[{"taxonomy":"category","embeddable":true,"href":"https:\/\/blogs.correiobraziliense.com.br\/servidor\/wp-json\/wp\/v2\/categories?post=17248"},{"taxonomy":"post_tag","embeddable":true,"href":"https:\/\/blogs.correiobraziliense.com.br\/servidor\/wp-json\/wp\/v2\/tags?post=17248"}],"curies":[{"name":"wp","href":"https:\/\/api.w.org\/{rel}","templated":true}]}}