{"id":17245,"date":"2020-08-09T15:09:47","date_gmt":"2020-08-09T18:09:47","guid":{"rendered":"https:\/\/blogs.correiobraziliense.com.br\/servidor\/?p=17245"},"modified":"2020-08-09T15:09:47","modified_gmt":"2020-08-09T18:09:47","slug":"dia-do-magistrado-sera-comemorado-com-criticas-a-censura-e-defesa-a-liberdade-de-expressao","status":"publish","type":"post","link":"https:\/\/blogs.correiobraziliense.com.br\/servidor\/dia-do-magistrado-sera-comemorado-com-criticas-a-censura-e-defesa-a-liberdade-de-expressao\/","title":{"rendered":"Dia do Magistrado ser\u00e1 comemorado com cr\u00edticas \u00e0 censura e defesa \u00e0 liberdade de express\u00e3o"},"content":{"rendered":"<p><em><strong>No dia 11 de agosto (ter\u00e7a-feira), \u00e0s 17h30, ao som do pop rock dos anos 80, a banda Solange far\u00e1 uma transmiss\u00e3o ao vivo em comemora\u00e7\u00e3o ao Dia do Magistrado. A banda foi criada a partir da cr\u00edtica a Solange Hernandes, que entrou para a hist\u00f3ria como uma das maiores censoras do Brasil na ditadura militar<\/strong><\/em><\/p>\n<p><img loading=\"lazy\" decoding=\"async\" class=\"alignright size-large wp-image-17246\" src=\"https:\/\/blogs.correiobraziliense.com.br\/servidor\/wp-content\/uploads\/sites\/10\/2020\/08\/DIA-DO-MAGISTRADO-1024x1024.jpeg\" alt=\"\" width=\"1024\" height=\"1024\" srcset=\"https:\/\/blogs.correiobraziliense.com.br\/servidor\/wp-content\/uploads\/sites\/10\/2020\/08\/DIA-DO-MAGISTRADO-1024x1024.jpeg 1024w, https:\/\/blogs.correiobraziliense.com.br\/servidor\/wp-content\/uploads\/sites\/10\/2020\/08\/DIA-DO-MAGISTRADO-150x150.jpeg 150w, https:\/\/blogs.correiobraziliense.com.br\/servidor\/wp-content\/uploads\/sites\/10\/2020\/08\/DIA-DO-MAGISTRADO-300x300.jpeg 300w, https:\/\/blogs.correiobraziliense.com.br\/servidor\/wp-content\/uploads\/sites\/10\/2020\/08\/DIA-DO-MAGISTRADO-768x768.jpeg 768w, https:\/\/blogs.correiobraziliense.com.br\/servidor\/wp-content\/uploads\/sites\/10\/2020\/08\/DIA-DO-MAGISTRADO-550x550.jpeg 550w, https:\/\/blogs.correiobraziliense.com.br\/servidor\/wp-content\/uploads\/sites\/10\/2020\/08\/DIA-DO-MAGISTRADO-230x230.jpeg 230w, https:\/\/blogs.correiobraziliense.com.br\/servidor\/wp-content\/uploads\/sites\/10\/2020\/08\/DIA-DO-MAGISTRADO.jpeg 1280w\" sizes=\"auto, (max-width: 1024px) 100vw, 1024px\" \/><\/p>\n<p>O evento ser\u00e1 ao lado do lago Parano\u00e1, em Bras\u00edlia (DF). Os cinco m\u00fasicos da banda tocar\u00e3o por mais de duas horas, com transmiss\u00e3o ao vivo no canal do <a href=\"https:\/\/www.youtube.com\/user\/AMBMagistrados\">YouTube da AMB<\/a>.\u00a0O juiz Carlos Martins, do Tribunal de Justi\u00e7a do Distrito Federal e dos Territ\u00f3rios (TJDFT), \u00e9 vocalista da banda.<\/p>\n<p>Na ocasi\u00e3o, haver\u00e1 uma a\u00e7\u00e3o social para arrecadar fundos para a institui\u00e7\u00e3o Rede Solid\u00e1ria Anjos do Amanh\u00e3, um programa social da Vara da Inf\u00e2ncia e da Juventude do Distrito Federal \u2013 VIJ\/DF, a crian\u00e7as e adolescentes expostos a situa\u00e7\u00f5es de vulnerabilidade social e viol\u00eancia f\u00edsica, psicol\u00f3gica, sexual e estrutural.<\/p>\n<p>De acordo com Martins, a ideia da live \u00e9 colocar as pessoas em contato com a m\u00fasica neste momento de isolamento social pela pandemia da Covid-19. \u201cA arte tem fun\u00e7\u00e3o importante neste momento: levar descontra\u00e7\u00e3o para as pessoas\u201d, disse.<\/p>\n<p><strong>Banda Solange<\/strong><br \/>\nO nome da banda tamb\u00e9m tem hist\u00f3ria. De acordo com Carlos, \u00e9 inspirado em Solange Hernandes, que entrou para a hist\u00f3ria como uma das maiores censoras do Brasil na ditadura militar. Comandou v\u00e1rios vetos e cortes em produ\u00e7\u00f5es art\u00edsticas, quando chefiou a Divis\u00e3o de Censura de Divers\u00f5es P\u00fablicas (DCDP). Esteve \u00e0 frente do cargo de 1981 a 1984.<\/p>\n<p>O magistrado conta que tamb\u00e9m se inspirou na m\u00fasica \u201cSolange\u201d, do cantor Leo Jaime. <a href=\"https:\/\/www.youtube.com\/watch?v=mdvpXk_hGR4&amp;feature=youtu.be\">Ou\u00e7a aqui<\/a>. \u201cEssa men\u00e7\u00e3o hist\u00f3rica \u00e9 muito pr\u00f3pria dos anos 80. Temos essa preocupa\u00e7\u00e3o dentro da banda: remeter a um racioc\u00ednio mais cr\u00edtico e refor\u00e7ar a liberdade de express\u00e3o\u201d, disse o magistrado.<\/p>\n","protected":false},"excerpt":{"rendered":"<p>No dia 11 de agosto (ter\u00e7a-feira), \u00e0s 17h30, ao som do pop rock dos anos 80, a banda Solange far\u00e1 uma transmiss\u00e3o ao vivo em comemora\u00e7\u00e3o ao Dia do Magistrado. A banda foi criada a partir da cr\u00edtica a Solange Hernandes, que entrou para a hist\u00f3ria como uma das maiores censoras do Brasil na ditadura militar O evento ser\u00e1 ao [&hellip;]<\/p>\n","protected":false},"author":27,"featured_media":0,"comment_status":"open","ping_status":"closed","sticky":false,"template":"","format":"standard","meta":{"footnotes":""},"categories":[2719],"tags":[6528,11006,18052,2080,4017,473,18049,433,10179,13695,18051,2103,18050,18053,18054,9667],"class_list":["post-17245","post","type-post","status-publish","format-standard","hentry","category-servidor","tag-adolescentes","tag-banda","tag-censora","tag-censura","tag-criancas","tag-critica","tag-dia-do-magistrado","tag-distrito-federal","tag-ditadura-militar","tag-liberdade-de-expressao","tag-pop-rock","tag-social","tag-solange-hernandes","tag-vara-da-infancia-e-da-juventude","tag-vij-df","tag-vulnerabilidade"],"_links":{"self":[{"href":"https:\/\/blogs.correiobraziliense.com.br\/servidor\/wp-json\/wp\/v2\/posts\/17245","targetHints":{"allow":["GET"]}}],"collection":[{"href":"https:\/\/blogs.correiobraziliense.com.br\/servidor\/wp-json\/wp\/v2\/posts"}],"about":[{"href":"https:\/\/blogs.correiobraziliense.com.br\/servidor\/wp-json\/wp\/v2\/types\/post"}],"author":[{"embeddable":true,"href":"https:\/\/blogs.correiobraziliense.com.br\/servidor\/wp-json\/wp\/v2\/users\/27"}],"replies":[{"embeddable":true,"href":"https:\/\/blogs.correiobraziliense.com.br\/servidor\/wp-json\/wp\/v2\/comments?post=17245"}],"version-history":[{"count":1,"href":"https:\/\/blogs.correiobraziliense.com.br\/servidor\/wp-json\/wp\/v2\/posts\/17245\/revisions"}],"predecessor-version":[{"id":17247,"href":"https:\/\/blogs.correiobraziliense.com.br\/servidor\/wp-json\/wp\/v2\/posts\/17245\/revisions\/17247"}],"wp:attachment":[{"href":"https:\/\/blogs.correiobraziliense.com.br\/servidor\/wp-json\/wp\/v2\/media?parent=17245"}],"wp:term":[{"taxonomy":"category","embeddable":true,"href":"https:\/\/blogs.correiobraziliense.com.br\/servidor\/wp-json\/wp\/v2\/categories?post=17245"},{"taxonomy":"post_tag","embeddable":true,"href":"https:\/\/blogs.correiobraziliense.com.br\/servidor\/wp-json\/wp\/v2\/tags?post=17245"}],"curies":[{"name":"wp","href":"https:\/\/api.w.org\/{rel}","templated":true}]}}