{"id":17241,"date":"2020-08-07T13:42:18","date_gmt":"2020-08-07T16:42:18","guid":{"rendered":"https:\/\/blogs.correiobraziliense.com.br\/servidor\/?p=17241"},"modified":"2020-08-07T13:42:18","modified_gmt":"2020-08-07T16:42:18","slug":"suspenso-desconto-nos-contracheques-de-39-policiais-federais","status":"publish","type":"post","link":"https:\/\/blogs.correiobraziliense.com.br\/servidor\/suspenso-desconto-nos-contracheques-de-39-policiais-federais\/","title":{"rendered":"Suspenso desconto nos contracheques de 39 policiais federais"},"content":{"rendered":"<p><em><strong>Os profissionais teriam que devolver os valores do abono perman\u00eancia, porque o Tribunal de Contas da Uni\u00e3o (TCU) determinou a restitui\u00e7\u00e3o j\u00e1 no pr\u00f3ximo pagamento. Mas a Fenapef entrou com uma a\u00e7\u00e3o e impediu. Alguns recebiam o benef\u00edcio h\u00e1 10 anos. O montante poderia chegar a R$ 50 mil<\/strong><\/em><\/p>\n<p>A Federa\u00e7\u00e3o Nacional dos Policiais Federais (Fenapef), em parceria com o Sindicato dos Policiais Federais do Maranh\u00e3o, evitou o desconto de valores referentes ao abono de perman\u00eancia de 39 policiais federais, que j\u00e1 haviam sido notificados de que teriam seus sal\u00e1rios reduzidos a partir do pr\u00f3ximo contracheque por determina\u00e7\u00e3o do Tribunal de Contas da Uni\u00e3o (TCU).<\/p>\n<p>O abono perman\u00eancia, em valor hoje equivalente ao desconto da Previd\u00eancia Social, \u00e9 pago a servidores da Pol\u00edcia Federal que, mesmo j\u00e1 tendo tempo para se aposentar, permanecem na corpora\u00e7\u00e3o. O TCU entendeu que o pagamento foi indevido para esses policiais. A defesa\u00a0 feita pelo escrit\u00f3rio ARM &#8211; Advogados Associados, afirmou que a decis\u00e3o foi arbitr\u00e1ria e que os direitos ao contradit\u00f3rio e \u00e0 ampla defesa n\u00e3o foram respeitados.<\/p>\n<p>\u201cAdemais, trata-se de pretens\u00e3o descabida a restitui\u00e7\u00e3o ao er\u00e1rio de parcelas remunerat\u00f3rias percebidas de boa-f\u00e9 por servidor, quando pagas em raz\u00e3o de equivocada interpreta\u00e7\u00e3o da administra\u00e7\u00e3o acerca da norma jur\u00eddica aplic\u00e1vel \u00e0 sua situa\u00e7\u00e3o funcional\u201d, sustentou o advogado Ant\u00f4nio Rodrigo Machado, que representa o grupo.<\/p>\n<p>O diretor jur\u00eddico da Fenapef, Fl\u00e1vio Werneck, explica que alguns dos policiais recebiam esse benef\u00edcio h\u00e1 at\u00e9 10 anos. \u201cO TCU desconsiderou at\u00e9 o instituto da prescri\u00e7\u00e3o, que determina que s\u00f3 podem ser questionados valores recebidos h\u00e1 at\u00e9 cinco anos. Vale lembrar que alguns desses valores chegariam a somar R$ 50 mil\u201d, detalhou.<\/p>\n<p>A decis\u00e3o liminar evitou o desconto imediato no pr\u00f3ximo pagamento. O m\u00e9rito da a\u00e7\u00e3o ainda ser\u00e1 julgado.<\/p>\n","protected":false},"excerpt":{"rendered":"<p>Os profissionais teriam que devolver os valores do abono perman\u00eancia, porque o Tribunal de Contas da Uni\u00e3o (TCU) determinou a restitui\u00e7\u00e3o j\u00e1 no pr\u00f3ximo pagamento. Mas a Fenapef entrou com uma a\u00e7\u00e3o e impediu. Alguns recebiam o benef\u00edcio h\u00e1 10 anos. O montante poderia chegar a R$ 50 mil A Federa\u00e7\u00e3o Nacional dos Policiais Federais (Fenapef), em parceria com o [&hellip;]<\/p>\n","protected":false},"author":27,"featured_media":0,"comment_status":"open","ping_status":"closed","sticky":false,"template":"","format":"standard","meta":{"footnotes":""},"categories":[2719],"tags":[14219,1059,3351,3690,107,104,5763,1603,739,58,635],"class_list":["post-17241","post","type-post","status-publish","format-standard","hentry","category-servidor","tag-abono-permanencia","tag-boa-fe","tag-contracheque","tag-desconto","tag-fenapef","tag-policia-federal","tag-policiais-federais","tag-previdencia-social","tag-restituicao","tag-servidores","tag-tcu"],"_links":{"self":[{"href":"https:\/\/blogs.correiobraziliense.com.br\/servidor\/wp-json\/wp\/v2\/posts\/17241","targetHints":{"allow":["GET"]}}],"collection":[{"href":"https:\/\/blogs.correiobraziliense.com.br\/servidor\/wp-json\/wp\/v2\/posts"}],"about":[{"href":"https:\/\/blogs.correiobraziliense.com.br\/servidor\/wp-json\/wp\/v2\/types\/post"}],"author":[{"embeddable":true,"href":"https:\/\/blogs.correiobraziliense.com.br\/servidor\/wp-json\/wp\/v2\/users\/27"}],"replies":[{"embeddable":true,"href":"https:\/\/blogs.correiobraziliense.com.br\/servidor\/wp-json\/wp\/v2\/comments?post=17241"}],"version-history":[{"count":1,"href":"https:\/\/blogs.correiobraziliense.com.br\/servidor\/wp-json\/wp\/v2\/posts\/17241\/revisions"}],"predecessor-version":[{"id":17242,"href":"https:\/\/blogs.correiobraziliense.com.br\/servidor\/wp-json\/wp\/v2\/posts\/17241\/revisions\/17242"}],"wp:attachment":[{"href":"https:\/\/blogs.correiobraziliense.com.br\/servidor\/wp-json\/wp\/v2\/media?parent=17241"}],"wp:term":[{"taxonomy":"category","embeddable":true,"href":"https:\/\/blogs.correiobraziliense.com.br\/servidor\/wp-json\/wp\/v2\/categories?post=17241"},{"taxonomy":"post_tag","embeddable":true,"href":"https:\/\/blogs.correiobraziliense.com.br\/servidor\/wp-json\/wp\/v2\/tags?post=17241"}],"curies":[{"name":"wp","href":"https:\/\/api.w.org\/{rel}","templated":true}]}}