{"id":17239,"date":"2020-08-06T19:13:17","date_gmt":"2020-08-06T22:13:17","guid":{"rendered":"https:\/\/blogs.correiobraziliense.com.br\/servidor\/?p=17239"},"modified":"2020-08-06T19:13:17","modified_gmt":"2020-08-06T22:13:17","slug":"desinformacao-e-discurso-de-odio-sao-temas-do-ciclo-de-debates-contra-as-fake-news","status":"publish","type":"post","link":"https:\/\/blogs.correiobraziliense.com.br\/servidor\/desinformacao-e-discurso-de-odio-sao-temas-do-ciclo-de-debates-contra-as-fake-news\/","title":{"rendered":"Desinforma\u00e7\u00e3o e Discurso de \u00d3dio s\u00e3o temas do Ciclo de Debates contra as fake news"},"content":{"rendered":"<p><em><strong>A <a href=\"http:\/\/canal da C\u00e2mara\u200b\">C\u00e2mara dos Deputados<\/a>, por meio da Secretaria de Participa\u00e7\u00e3o, Intera\u00e7\u00e3o e M\u00eddias Digitais (Semid) e da Secretaria de Comunica\u00e7\u00e3o Social (Secom), apresenta, amanh\u00e3 (07\/8), das 10h \u00e0s 13h, a 11\u00aa e \u00faltima etapa do Ciclo de Debates P\u00fablicos: Lei de Combate \u00e0s Fake News, na modalidade webin\u00e1rio.<\/strong><\/em><\/p>\n<p>O evento tem o apoio da Frente Parlamentar Mista da Economia e Cidadania Digital e da Frente Parlamentar Mista em Defesa da Democracia e dos Direitos Humanos com Participa\u00e7\u00e3o Popular. A mesa de\u00a0 debate sobre o tema &#8220;Desinforma\u00e7\u00e3o e Discurso de \u00f3dio&#8221; ser\u00e1 coordenada pelo deputado Orlando Silva (PCdoB-SP), diretor da Semid, e ter\u00e1 transmiss\u00e3o pelo canal da C\u00e2mara\u200b no YouTube. Os debates servir\u00e3o de base para a discuss\u00e3o na C\u00e2mara do projeto de lei contra fake news (PL 2630\/20), j\u00e1 votado pelo Senado.<\/p>\n<p>Convidados:<\/p>\n<p>\u2981 Bianca Santana &#8211; Jornalista. doutora em ci\u00eancia da informa\u00e7\u00e3o e mestra em educa\u00e7\u00e3o pela Universidade de S\u00e3o Paulo. Colunista das revistas Cult, Gama e ECOA-UOL. Pela Uneafro Brasil, colabora com a articula\u00e7\u00e3o da Coaliz\u00e3o Negra Por Direitos.<\/p>\n<p>\u2981 Rodrigo Constantino &#8211; Presidente do Conselho do Instituto Liberal. \u00c9 formado em economia pela PUC-RJ, e tem MBA de Finan\u00e7as pelo IBMEC. Trabalhou no setor financeiro de 1997 a 2013. \u00c9 autor de v\u00e1rios livros, entre eles o bestseller &#8220;Esquerda Caviar&#8221;. Foi colunista da revista Voto, do jornal Valor Econ\u00f4mico, do jornal O Globo e das revistas Veja e Isto\u00c9. \u00c9 colunista da Gazeta do Povo, do Zero Hora, do ND e comentarista da Jovem Pan. \u00c9 membro-fundador do Instituto Millenium. Foi o vencedor do Pr\u00eamio Libertas em 2009, no XXII F\u00f3rum da Liberdade.<\/p>\n<p>\u2981 Fernando Lottenberg &#8211; Advogado, com atua\u00e7\u00e3o na \u00e1rea do direito empresarial, s\u00f3cio titular de Lottenberg Advogados Associados. Gradua\u00e7\u00e3o: bacharel pela Faculdade de Direito da Universidade de S\u00e3o Paulo \u2013 1983; p\u00f3s-gradua\u00e7\u00e3o: mestrado em filosofia e teoria geral do direito \u2013 1991; doutorado em direito internacional p\u00fablico \u2013 1998, ambos pela Faculdade de Direito da Universidade de S\u00e3o Paulo. Conselheiro do Museu Lasar Segall, desde 2010; conselheiro do Movimento de Defesa de Advocacia, desde 2017; conselheiro da Funda\u00e7\u00e3o Fernando Henrique Cardoso, desde 2018; membro do conselho gestor de Rela\u00e7\u00f5es Internacionais do governo do Estado de S\u00e3o Paulo, desde 2019; presidente da Confedera\u00e7\u00e3o Israelita do Brasil (Conib), desde 2014; vice-presidente do Congresso Judaico Latino-americano e do Congresso Judaico Mundial, desde 2014.<\/p>\n<p>\u2981 Evorah Cardoso &#8211; Doutora em direito pela USP. professora e ativista. Co-diretora da ONG #MeRepresenta. Integrante do coletivo #VoteLGBT e da Rede Feminista de Juristas (deFEMde).<\/p>\n<p>\u200b<\/p>\n","protected":false},"excerpt":{"rendered":"<p>A C\u00e2mara dos Deputados, por meio da Secretaria de Participa\u00e7\u00e3o, Intera\u00e7\u00e3o e M\u00eddias Digitais (Semid) e da Secretaria de Comunica\u00e7\u00e3o Social (Secom), apresenta, amanh\u00e3 (07\/8), das 10h \u00e0s 13h, a 11\u00aa e \u00faltima etapa do Ciclo de Debates P\u00fablicos: Lei de Combate \u00e0s Fake News, na modalidade webin\u00e1rio. O evento tem o apoio da Frente Parlamentar Mista da Economia e [&hellip;]<\/p>\n","protected":false},"author":27,"featured_media":0,"comment_status":"open","ping_status":"closed","sticky":false,"template":"","format":"standard","meta":{"footnotes":""},"categories":[2719],"tags":[1531,5071,1786,2204,11855,4228,18046],"class_list":["post-17239","post","type-post","status-publish","format-standard","hentry","category-servidor","tag-camara-dos-deputados","tag-debates","tag-desinformacao","tag-discurso","tag-fake-news","tag-odio","tag-pl-2-630-20"],"_links":{"self":[{"href":"https:\/\/blogs.correiobraziliense.com.br\/servidor\/wp-json\/wp\/v2\/posts\/17239","targetHints":{"allow":["GET"]}}],"collection":[{"href":"https:\/\/blogs.correiobraziliense.com.br\/servidor\/wp-json\/wp\/v2\/posts"}],"about":[{"href":"https:\/\/blogs.correiobraziliense.com.br\/servidor\/wp-json\/wp\/v2\/types\/post"}],"author":[{"embeddable":true,"href":"https:\/\/blogs.correiobraziliense.com.br\/servidor\/wp-json\/wp\/v2\/users\/27"}],"replies":[{"embeddable":true,"href":"https:\/\/blogs.correiobraziliense.com.br\/servidor\/wp-json\/wp\/v2\/comments?post=17239"}],"version-history":[{"count":1,"href":"https:\/\/blogs.correiobraziliense.com.br\/servidor\/wp-json\/wp\/v2\/posts\/17239\/revisions"}],"predecessor-version":[{"id":17240,"href":"https:\/\/blogs.correiobraziliense.com.br\/servidor\/wp-json\/wp\/v2\/posts\/17239\/revisions\/17240"}],"wp:attachment":[{"href":"https:\/\/blogs.correiobraziliense.com.br\/servidor\/wp-json\/wp\/v2\/media?parent=17239"}],"wp:term":[{"taxonomy":"category","embeddable":true,"href":"https:\/\/blogs.correiobraziliense.com.br\/servidor\/wp-json\/wp\/v2\/categories?post=17239"},{"taxonomy":"post_tag","embeddable":true,"href":"https:\/\/blogs.correiobraziliense.com.br\/servidor\/wp-json\/wp\/v2\/tags?post=17239"}],"curies":[{"name":"wp","href":"https:\/\/api.w.org\/{rel}","templated":true}]}}