{"id":17231,"date":"2020-08-06T13:07:02","date_gmt":"2020-08-06T16:07:02","guid":{"rendered":"https:\/\/blogs.correiobraziliense.com.br\/servidor\/?p=17231"},"modified":"2020-08-06T13:07:02","modified_gmt":"2020-08-06T16:07:02","slug":"diretor-geral-e-delegados-da-pf-debatem-tecnologia-no-combate-ao-crime","status":"publish","type":"post","link":"https:\/\/blogs.correiobraziliense.com.br\/servidor\/diretor-geral-e-delegados-da-pf-debatem-tecnologia-no-combate-ao-crime\/","title":{"rendered":"Diretor-geral e delegados da PF debatem tecnologia no combate ao crime"},"content":{"rendered":"<p><em><strong>Nessa quinta-feira (6\/8), a partir das 18 horas, ser\u00e1 a abertura do ciclo de palestras do 3\u00ba Simp\u00f3sio Internacional de Seguran\u00e7a. O evento ser\u00e1 transmitido ao vivo. O debate envolve o\u00a0uso de tecnologia no combate \u00e0 criminalidade organizada, com a\u00a0 participa\u00e7\u00e3o do diretor-geral da PF, Rolando Alexandre de Souza, e do presidente da ADPF, Edvandir Paiva<\/strong><\/em><\/p>\n<p><img loading=\"lazy\" decoding=\"async\" class=\"alignright size-large wp-image-17232\" src=\"https:\/\/blogs.correiobraziliense.com.br\/servidor\/wp-content\/uploads\/sites\/10\/2020\/08\/ADPF-1024x1024.jpg\" alt=\"\" width=\"1024\" height=\"1024\" srcset=\"https:\/\/blogs.correiobraziliense.com.br\/servidor\/wp-content\/uploads\/sites\/10\/2020\/08\/ADPF-1024x1024.jpg 1024w, https:\/\/blogs.correiobraziliense.com.br\/servidor\/wp-content\/uploads\/sites\/10\/2020\/08\/ADPF-150x150.jpg 150w, https:\/\/blogs.correiobraziliense.com.br\/servidor\/wp-content\/uploads\/sites\/10\/2020\/08\/ADPF-300x300.jpg 300w, https:\/\/blogs.correiobraziliense.com.br\/servidor\/wp-content\/uploads\/sites\/10\/2020\/08\/ADPF-768x768.jpg 768w, https:\/\/blogs.correiobraziliense.com.br\/servidor\/wp-content\/uploads\/sites\/10\/2020\/08\/ADPF-550x550.jpg 550w, https:\/\/blogs.correiobraziliense.com.br\/servidor\/wp-content\/uploads\/sites\/10\/2020\/08\/ADPF-230x230.jpg 230w, https:\/\/blogs.correiobraziliense.com.br\/servidor\/wp-content\/uploads\/sites\/10\/2020\/08\/ADPF.jpg 1200w\" sizes=\"auto, (max-width: 1024px) 100vw, 1024px\" \/><\/p>\n<p>De acordo com a Associa\u00e7\u00e3o dos Delegados da Pol\u00edcia Federal (ADPF), o\u00a0 debate faz parte de um ciclo de discuss\u00f5es que comp\u00f5e o 3\u00ba Simp\u00f3sio Internacional de Seguran\u00e7a, organizado em conjunto com a seccional da ADPF no Distrito Federal. O Coordenador do evento, delegado federal Luciano Leiro, e o diretor de Tecnologia da Informa\u00e7\u00e3o e Inova\u00e7\u00e3o da PF, Willian Murad, tamb\u00e9m estar\u00e3o no debate.<\/p>\n<p><strong>Servi\u00e7o:<\/strong><br \/>\nPol\u00edcia Federal e tecnologia em debate<br \/>\nHor\u00e1rio: 18h<br \/>\nTransmiss\u00e3o online atrav\u00e9s das plataformas abaixo:<br \/>\nYoutube ADPF PLAY: <a href=\"https:\/\/www.youtube.com\/user\/ADPFtube\">https:\/\/www.youtube.com\/user\/ADPFtube<\/a><br \/>\nLinkedIn: <a href=\"https:\/\/www.linkedin.com\/in\/luciano-leiro-13919b57\/\">https:\/\/www.linkedin.com\/in\/luciano-leiro-13919b57\/<\/a><\/p>\n","protected":false},"excerpt":{"rendered":"<p>Nessa quinta-feira (6\/8), a partir das 18 horas, ser\u00e1 a abertura do ciclo de palestras do 3\u00ba Simp\u00f3sio Internacional de Seguran\u00e7a. O evento ser\u00e1 transmitido ao vivo. O debate envolve o\u00a0uso de tecnologia no combate \u00e0 criminalidade organizada, com a\u00a0 participa\u00e7\u00e3o do diretor-geral da PF, Rolando Alexandre de Souza, e do presidente da ADPF, Edvandir Paiva De acordo com a [&hellip;]<\/p>\n","protected":false},"author":27,"featured_media":0,"comment_status":"open","ping_status":"closed","sticky":false,"template":"","format":"standard","meta":{"footnotes":""},"categories":[2719],"tags":[348,6781,204,7124,18044,3779,319,208,4504],"class_list":["post-17231","post","type-post","status-publish","format-standard","hentry","category-servidor","tag-adpf","tag-ciclo","tag-combate","tag-criminalidade","tag-organizada","tag-palestras","tag-pf","tag-seguranca","tag-tecnologia"],"_links":{"self":[{"href":"https:\/\/blogs.correiobraziliense.com.br\/servidor\/wp-json\/wp\/v2\/posts\/17231","targetHints":{"allow":["GET"]}}],"collection":[{"href":"https:\/\/blogs.correiobraziliense.com.br\/servidor\/wp-json\/wp\/v2\/posts"}],"about":[{"href":"https:\/\/blogs.correiobraziliense.com.br\/servidor\/wp-json\/wp\/v2\/types\/post"}],"author":[{"embeddable":true,"href":"https:\/\/blogs.correiobraziliense.com.br\/servidor\/wp-json\/wp\/v2\/users\/27"}],"replies":[{"embeddable":true,"href":"https:\/\/blogs.correiobraziliense.com.br\/servidor\/wp-json\/wp\/v2\/comments?post=17231"}],"version-history":[{"count":1,"href":"https:\/\/blogs.correiobraziliense.com.br\/servidor\/wp-json\/wp\/v2\/posts\/17231\/revisions"}],"predecessor-version":[{"id":17233,"href":"https:\/\/blogs.correiobraziliense.com.br\/servidor\/wp-json\/wp\/v2\/posts\/17231\/revisions\/17233"}],"wp:attachment":[{"href":"https:\/\/blogs.correiobraziliense.com.br\/servidor\/wp-json\/wp\/v2\/media?parent=17231"}],"wp:term":[{"taxonomy":"category","embeddable":true,"href":"https:\/\/blogs.correiobraziliense.com.br\/servidor\/wp-json\/wp\/v2\/categories?post=17231"},{"taxonomy":"post_tag","embeddable":true,"href":"https:\/\/blogs.correiobraziliense.com.br\/servidor\/wp-json\/wp\/v2\/tags?post=17231"}],"curies":[{"name":"wp","href":"https:\/\/api.w.org\/{rel}","templated":true}]}}