{"id":17229,"date":"2020-08-06T12:57:43","date_gmt":"2020-08-06T15:57:43","guid":{"rendered":"https:\/\/blogs.correiobraziliense.com.br\/servidor\/?p=17229"},"modified":"2020-08-06T12:57:43","modified_gmt":"2020-08-06T15:57:43","slug":"cafe-com-politica-discute-reforma-tributaria","status":"publish","type":"post","link":"https:\/\/blogs.correiobraziliense.com.br\/servidor\/cafe-com-politica-discute-reforma-tributaria\/","title":{"rendered":"Caf\u00e9 com Pol\u00edtica discute reforma tribut\u00e1ria"},"content":{"rendered":"<p><em><strong>Participar\u00e3o do F\u00f3rum virtual os autores das propostas (PECs) em tramita\u00e7\u00e3o no Congresso que modificam sistema de arrecada\u00e7\u00e3o de tributos<\/strong><\/em><\/p>\n<p>O Sindicato dos Servidores do Poder Legislativo Federal e do Tribunal de Contas da Uni\u00e3o (Sindilegis) far\u00e1 uma s\u00e9rie de debates nas pr\u00f3ximas semanas, por meio do Caf\u00e9 com Pol\u00edtica, para discutir o impacto das propostas na economia e no bolso dos cidad\u00e3os. As duas primeiras lives ser\u00e3o nos dias 10 e 17 de agosto, sempre \u00e0s 18h, transmitidas pelo canal do <a href=\"https:\/\/www.youtube.com\/channel\/UCiIbvKEbGnfhNvQCxDculSg\">Youtube do sindicato<\/a>.<\/p>\n<p>A discuss\u00e3o sobre a reforma tribut\u00e1ria est\u00e1 no centro dos debates dos poderes Legislativo e Executivo. Hoje tr\u00eas propostas est\u00e3o em an\u00e1lise no Congresso Nacional para modificar o sistema de arrecada\u00e7\u00e3o brasileiro, que \u00e9 considerado um dos mais complexos e mais caros do mundo.<\/p>\n<p>\u201cPoucos temas abrangem de forma t\u00e3o ampla a sociedade como a reforma tribut\u00e1ria. Entendemos que \u00e9 essencial que todos os setores da sociedade tenham acesso ao maior volume de informa\u00e7\u00f5es acerca das proposi\u00e7\u00f5es que est\u00e3o sendo consideradas e o espa\u00e7o de debate, que d\u00ea voz aos diferentes p\u00fablicos\u201d, destaca Petrus Elesb\u00e3o, presidente do Sindilegis.<\/p>\n<p>A primeira live, no dia 10 de agosto, contar\u00e1 com a presen\u00e7a do ex-deputado federal Luiz Carlos Hauly (PSDB-PR), idealizador da PEC 110, que atualmente est\u00e1 no Senado. A proposta prev\u00ea a substitui\u00e7\u00e3o de nove tributos por um s\u00f3, unificado. A mediadora da discuss\u00e3o ser\u00e1 a jornalista da C\u00e2mara dos Deputados e coordenadora da Associa\u00e7\u00e3o Brasileira de Comunica\u00e7\u00e3o P\u00fablica \u2013 Se\u00e7\u00e3o do Distrito Federal Cl\u00e1udia Lemos. O rep\u00f3rter e colunista de economia do Correio Braziliense Vicente Nunes participar\u00e1 como jornalista convidado.<\/p>\n<p>No dia 17 de agosto, o painelista ser\u00e1 o economista Bernard Appy, autor da PEC 45. O texto foi apresentado pelo deputado Baleia Rossi (MDB-SP) e prev\u00ea a cria\u00e7\u00e3o de um Imposto sobre Bens e Servi\u00e7os (IBS) que substitua o PIS, a Cofins, o IPI, o ICMS e o ISS. A media\u00e7\u00e3o da discuss\u00e3o ficar\u00e1 por conta do jornalista e apresentador da TV C\u00e2mara Lincoln Mac\u00e1rio.<\/p>\n<p><strong>Servi\u00e7o<\/strong>:<\/p>\n<p>I \u2013 Reforma Tribut\u00e1ria \u2013 PEC 110 (Senado)<\/p>\n<p>Painelista: Luiz Carlos Hauly \u2013 economista e ex-deputado que elaborou o texto<\/p>\n<p>Mediadora: Cl\u00e1udia Lemos \u2013 Jornalista da TV C\u00e2mara<\/p>\n<p>Data: 10\/08<\/p>\n<p>Hor\u00e1rio: 18h<\/p>\n<p>II \u2013 Reforma Tribut\u00e1ria \u2013 PEC 45 (C\u00e2mara dos Deputados)<\/p>\n<p>Painelista: Bernard Appy \u2013 tributarista, diretor do CCIF, idealizador da proposta<\/p>\n<p>Mediador: Lincoln Mac\u00e1rio \u2013 Jornalista da TV C\u00e2mara<\/p>\n<p>Data: 17\/08<\/p>\n<p>Hor\u00e1rio: 18h<\/p>\n","protected":false},"excerpt":{"rendered":"<p>Participar\u00e3o do F\u00f3rum virtual os autores das propostas (PECs) em tramita\u00e7\u00e3o no Congresso que modificam sistema de arrecada\u00e7\u00e3o de tributos O Sindicato dos Servidores do Poder Legislativo Federal e do Tribunal de Contas da Uni\u00e3o (Sindilegis) far\u00e1 uma s\u00e9rie de debates nas pr\u00f3ximas semanas, por meio do Caf\u00e9 com Pol\u00edtica, para discutir o impacto das propostas na economia e no [&hellip;]<\/p>\n","protected":false},"author":27,"featured_media":0,"comment_status":"open","ping_status":"closed","sticky":false,"template":"","format":"standard","meta":{"footnotes":""},"categories":[2719],"tags":[14924,61,693,18043,15483,12193,696,634],"class_list":["post-17229","post","type-post","status-publish","format-standard","hentry","category-servidor","tag-cafe-com-politica","tag-camara","tag-congresso-nacional","tag-pec-110","tag-pec-45","tag-reforma-tributaria","tag-senado","tag-sindilegis"],"_links":{"self":[{"href":"https:\/\/blogs.correiobraziliense.com.br\/servidor\/wp-json\/wp\/v2\/posts\/17229","targetHints":{"allow":["GET"]}}],"collection":[{"href":"https:\/\/blogs.correiobraziliense.com.br\/servidor\/wp-json\/wp\/v2\/posts"}],"about":[{"href":"https:\/\/blogs.correiobraziliense.com.br\/servidor\/wp-json\/wp\/v2\/types\/post"}],"author":[{"embeddable":true,"href":"https:\/\/blogs.correiobraziliense.com.br\/servidor\/wp-json\/wp\/v2\/users\/27"}],"replies":[{"embeddable":true,"href":"https:\/\/blogs.correiobraziliense.com.br\/servidor\/wp-json\/wp\/v2\/comments?post=17229"}],"version-history":[{"count":1,"href":"https:\/\/blogs.correiobraziliense.com.br\/servidor\/wp-json\/wp\/v2\/posts\/17229\/revisions"}],"predecessor-version":[{"id":17230,"href":"https:\/\/blogs.correiobraziliense.com.br\/servidor\/wp-json\/wp\/v2\/posts\/17229\/revisions\/17230"}],"wp:attachment":[{"href":"https:\/\/blogs.correiobraziliense.com.br\/servidor\/wp-json\/wp\/v2\/media?parent=17229"}],"wp:term":[{"taxonomy":"category","embeddable":true,"href":"https:\/\/blogs.correiobraziliense.com.br\/servidor\/wp-json\/wp\/v2\/categories?post=17229"},{"taxonomy":"post_tag","embeddable":true,"href":"https:\/\/blogs.correiobraziliense.com.br\/servidor\/wp-json\/wp\/v2\/tags?post=17229"}],"curies":[{"name":"wp","href":"https:\/\/api.w.org\/{rel}","templated":true}]}}