{"id":17224,"date":"2020-08-05T19:13:07","date_gmt":"2020-08-05T22:13:07","guid":{"rendered":"https:\/\/blogs.correiobraziliense.com.br\/servidor\/?p=17224"},"modified":"2020-08-05T19:13:07","modified_gmt":"2020-08-05T22:13:07","slug":"camara-quer-derrubar-nota-da-cgu-que-fiscaliza-redes-sociais-de-servidores","status":"publish","type":"post","link":"https:\/\/blogs.correiobraziliense.com.br\/servidor\/camara-quer-derrubar-nota-da-cgu-que-fiscaliza-redes-sociais-de-servidores\/","title":{"rendered":"C\u00e2mara quer derrubar nota da CGU que fiscaliza redes sociais de servidores"},"content":{"rendered":"<p><em><strong>Projeto de Decreto Legislativo susta efeitos de medida que pune servidores por postagens em perfis privados nas redes sociais<\/strong><\/em><\/p>\n<p>O presidente da Frente Parlamentar Mista em Defesa do Servi\u00e7o P\u00fablico, deputado federal Professor Israel Batista (PV-DF), a deputada Tabata Amaral (PDT-SP) e o deputado C\u00e9lio Studart (PV-CE) deram entrada no Projeto de Decreto Legislativo 352\/2020, para cancelar a nota t\u00e9cnica 1.556\/2020, da Controladoria-Geral da Uni\u00e3o (CGU).<\/p>\n<p>O documento da CGU repercutiu no Congresso Nacional. Com previs\u00e3o de regulamentar a atua\u00e7\u00e3o de servidores e definir limites para uso das redes, o texto prev\u00ea puni\u00e7\u00e3o em casos de &#8220;m\u00e1 utiliza\u00e7\u00e3o dos meios digitais de comunica\u00e7\u00e3o online&#8221;, e responsabiliza\u00e7\u00e3o de servidores por postagens de conte\u00fados que possam &#8220;de alguma maneira, macular a reputa\u00e7\u00e3o e imagem do seu \u00f3rg\u00e3o, bem como de outros servidores&#8221;.<\/p>\n<p>No entendimento do presidente da Frente,\u00a0 &#8220;a medida extrapola completamente o poder regulamentador do Executivo. \u00c9 uma clara tentativa de persegui\u00e7\u00e3o e intimida\u00e7\u00e3o aos servidores que mostram-se contr\u00e1rios ao governo&#8221;.\u00a0No in\u00edcio da semana, diversas entidades tamb\u00e9m manifestaram rep\u00fadio \u00e0 Nota T\u00e9cnica da CGU.<\/p>\n<p>Assinaram a carta: Movimento Acorda Sociedade \u2013 MAS; Confedera\u00e7\u00e3o Nacional das Carreiras e Atividades T\u00edpicas de Estado (Conacate); Confedera\u00e7\u00e3o dos Servidores P\u00fablicos do Brasil (CSPB); Confedera\u00e7\u00e3o Nacional dos Servidores Municipais (CSPM); Confedera\u00e7\u00e3o Nacional de Servidores p\u00fablicos (CNSP); Confedera\u00e7\u00e3o Brasileira dos Trabalhadores Policiais Civis (Cobrapol); Confedera\u00e7\u00e3o Brasileira de Aposentados,\u00a0Pensionistas e Idosos (Cobap); Movimento Nacional dos Servidores P\u00fablicos Aposentados e Pensionistas (Mosap); e F\u00f3rum Sindical dos Trabalhadores (FST).<\/p>\n","protected":false},"excerpt":{"rendered":"<p>Projeto de Decreto Legislativo susta efeitos de medida que pune servidores por postagens em perfis privados nas redes sociais O presidente da Frente Parlamentar Mista em Defesa do Servi\u00e7o P\u00fablico, deputado federal Professor Israel Batista (PV-DF), a deputada Tabata Amaral (PDT-SP) e o deputado C\u00e9lio Studart (PV-CE) deram entrada no Projeto de Decreto Legislativo 352\/2020, para cancelar a nota t\u00e9cnica [&hellip;]<\/p>\n","protected":false},"author":27,"featured_media":0,"comment_status":"open","ping_status":"closed","sticky":false,"template":"","format":"standard","meta":{"footnotes":""},"categories":[2719],"tags":[1531,2035,693,14768,3144,12492,3286,2703,10458,2191,1141,1083,9748,58],"class_list":["post-17224","post","type-post","status-publish","format-standard","hentry","category-servidor","tag-camara-dos-deputados","tag-cgu","tag-congresso-nacional","tag-frente-parlamentar-mista-em-defesa-do-servico-publico","tag-imagem","tag-nota-tecnica","tag-orgao","tag-perfis","tag-postagens","tag-privados","tag-punicao","tag-redes-sociais","tag-reputacao","tag-servidores"],"_links":{"self":[{"href":"https:\/\/blogs.correiobraziliense.com.br\/servidor\/wp-json\/wp\/v2\/posts\/17224","targetHints":{"allow":["GET"]}}],"collection":[{"href":"https:\/\/blogs.correiobraziliense.com.br\/servidor\/wp-json\/wp\/v2\/posts"}],"about":[{"href":"https:\/\/blogs.correiobraziliense.com.br\/servidor\/wp-json\/wp\/v2\/types\/post"}],"author":[{"embeddable":true,"href":"https:\/\/blogs.correiobraziliense.com.br\/servidor\/wp-json\/wp\/v2\/users\/27"}],"replies":[{"embeddable":true,"href":"https:\/\/blogs.correiobraziliense.com.br\/servidor\/wp-json\/wp\/v2\/comments?post=17224"}],"version-history":[{"count":1,"href":"https:\/\/blogs.correiobraziliense.com.br\/servidor\/wp-json\/wp\/v2\/posts\/17224\/revisions"}],"predecessor-version":[{"id":17225,"href":"https:\/\/blogs.correiobraziliense.com.br\/servidor\/wp-json\/wp\/v2\/posts\/17224\/revisions\/17225"}],"wp:attachment":[{"href":"https:\/\/blogs.correiobraziliense.com.br\/servidor\/wp-json\/wp\/v2\/media?parent=17224"}],"wp:term":[{"taxonomy":"category","embeddable":true,"href":"https:\/\/blogs.correiobraziliense.com.br\/servidor\/wp-json\/wp\/v2\/categories?post=17224"},{"taxonomy":"post_tag","embeddable":true,"href":"https:\/\/blogs.correiobraziliense.com.br\/servidor\/wp-json\/wp\/v2\/tags?post=17224"}],"curies":[{"name":"wp","href":"https:\/\/api.w.org\/{rel}","templated":true}]}}