{"id":17215,"date":"2020-08-05T14:39:50","date_gmt":"2020-08-05T17:39:50","guid":{"rendered":"https:\/\/blogs.correiobraziliense.com.br\/servidor\/?p=17215"},"modified":"2020-08-05T14:39:50","modified_gmt":"2020-08-05T17:39:50","slug":"maria-da-penha-fala-sobre-os-14-anos-da-lei","status":"publish","type":"post","link":"https:\/\/blogs.correiobraziliense.com.br\/servidor\/maria-da-penha-fala-sobre-os-14-anos-da-lei\/","title":{"rendered":"Maria da Penha fala sobre os 14 anos da lei"},"content":{"rendered":"<p><em><strong>A Federa\u00e7\u00e3o Nacional dos Servidores dos Poderes Legislativos Federal, Estadual e do Distrito Federal (Fenale) faz evento online sobre viol\u00eancia contra a mulher com Maria da Penha, para marcar os 14 anos da aprova\u00e7\u00e3o da lei que leva o seu nome<\/strong><\/em><\/p>\n<p>O Ciclo de Palestras Fenale, por videoconfer\u00eancia, abordar\u00e1, nessa segunda edi\u00e7\u00e3o, tema de suma relev\u00e2ncia na sociedade com Maria da Penha Maia Fernandes, convidada de honra e presidente vital\u00edcia e fundadora do Instituto que leva seu nome. O evento tamb\u00e9m contar\u00e1 com a palestra de Regina C\u00e9lia Almeida Silva Barbosa, cofundadora e vice-presidente do IMP.<\/p>\n<p>&#8220;Em tempos de pandemia, um dos assuntos que t\u00eam tomado parte dos notici\u00e1rios, para nossa tristeza, \u00e9 o aumento do n\u00famero de agress\u00f5es praticadas contra as mulheres, bem como o feminic\u00eddio praticado, via de regra, por maridos, namorados e companheiros&#8221;, destaca a Fenale.\u00a0A palestra ter\u00e1 a media\u00e7\u00e3o de Jos\u00e9 Eduardo Rangel, presidente da Fenale, que ressalta a import\u00e2ncia do tema.<\/p>\n<p>&#8220;A Fenale tem como principal foco de seu trabalho a defesa do Servidor P\u00fablico e do servi\u00e7o p\u00fablico de qualidade, mas tamb\u00e9m temos a fam\u00edlia como elemento de suma import\u00e2ncia na vida profissional de nossos servidores. Infelizmente, al\u00e9m do problema do Covid-19, com suas milhares de mortes \u00e9 importante trazermos para o debate o combate a viol\u00eancia contra a mulher que, muitas vezes, \u00e9 respons\u00e1vel por cuidar da fam\u00edlia brasileira&#8221;, pondera Rangel.<\/p>\n<p>Dentro de sua estrutura a Fenale tem uma Diretoria de Pol\u00edticas de Valoriza\u00e7\u00e3o da Mulher sob dire\u00e7\u00e3o de Mara Valverde de Rond\u00f4nia.\u00a0O Ciclo de Palestras Fenale ser\u00e1 no pr\u00f3ximo dia 7 de agosto, \u00e0s 15 horas pelo hor\u00e1rio oficial de Bras\u00edlia, e ser\u00e1 transmitido no YouTube e no Facebook da Federa\u00e7\u00e3o.<\/p>\n<p><strong>Quem \u00e9 Maria da Penha?<\/strong><\/p>\n<p>\u00c9 uma farmac\u00eautica brasileira que lutou para que seu agressor viesse a ser condenado. Maria da Penha tem tr\u00eas filhas e hoje \u00e9 l\u00edder de movimentos de defesa dos direitos das mulheres, v\u00edtima emblem\u00e1tica da viol\u00eancia dom\u00e9stica.<\/p>\n<p>Em 7 de agosto de 2006, foi sancionada a lei que leva seu nome: a Lei Maria da Penha, importante ferramenta legislativa no combate \u00e0 viol\u00eancia dom\u00e9stica e familiar contra mulheres no Brasil.<\/p>\n<p>\u00c9 fundadora do Instituto Maria da Penha, uma ONG sem fins lucrativos que luta contra a viol\u00eancia dom\u00e9stica contra a mulher.<\/p>\n<p>A Lei N\u00ba 11.340, de 7 de agosto de 2006 foi sancionada pelo ent\u00e3o presidente Lu\u00eds In\u00e1cio Lula da Silva e tem como ementa criar mecanismos para coibir a viol\u00eancia dom\u00e9stica e familiar contra a mulher, nos termos do \u00a7 8\u00ba do art. 226 da Constitui\u00e7\u00e3o Federal, da Conven\u00e7\u00e3o sobre a Elimina\u00e7\u00e3o de Todas as Formas de Discrimina\u00e7\u00e3o contra as Mulheres e da Conven\u00e7\u00e3o Interamericana para Prevenir, Punir e Erradicar a Viol\u00eancia contra a Mulher; disp\u00f5e sobre a cria\u00e7\u00e3o dos Juizados de Viol\u00eancia Dom\u00e9stica e Familiar contra a Mulher; altera o C\u00f3digo de Processo Penal, o C\u00f3digo Penal e a Lei de Execu\u00e7\u00e3o Penal; al\u00e9m de outras provid\u00eancias.<\/p>\n","protected":false},"excerpt":{"rendered":"<p>A Federa\u00e7\u00e3o Nacional dos Servidores dos Poderes Legislativos Federal, Estadual e do Distrito Federal (Fenale) faz evento online sobre viol\u00eancia contra a mulher com Maria da Penha, para marcar os 14 anos da aprova\u00e7\u00e3o da lei que leva o seu nome O Ciclo de Palestras Fenale, por videoconfer\u00eancia, abordar\u00e1, nessa segunda edi\u00e7\u00e3o, tema de suma relev\u00e2ncia na sociedade com Maria [&hellip;]<\/p>\n","protected":false},"author":27,"featured_media":0,"comment_status":"open","ping_status":"closed","sticky":false,"template":"","format":"standard","meta":{"footnotes":""},"categories":[2719],"tags":[6305,9308,17256,11772,18033,5252,18034,5039,1263,18035,241,8,351,17266,4427],"class_list":["post-17215","post","type-post","status-publish","format-standard","hentry","category-servidor","tag-agressoes","tag-companheiros","tag-covid-19","tag-feminicidio","tag-fenale","tag-lei-maria-da-penha","tag-maridos","tag-mortes","tag-mulheres","tag-namorados","tag-publico","tag-servidor","tag-sociedade","tag-videoconferencia","tag-violencia"],"_links":{"self":[{"href":"https:\/\/blogs.correiobraziliense.com.br\/servidor\/wp-json\/wp\/v2\/posts\/17215","targetHints":{"allow":["GET"]}}],"collection":[{"href":"https:\/\/blogs.correiobraziliense.com.br\/servidor\/wp-json\/wp\/v2\/posts"}],"about":[{"href":"https:\/\/blogs.correiobraziliense.com.br\/servidor\/wp-json\/wp\/v2\/types\/post"}],"author":[{"embeddable":true,"href":"https:\/\/blogs.correiobraziliense.com.br\/servidor\/wp-json\/wp\/v2\/users\/27"}],"replies":[{"embeddable":true,"href":"https:\/\/blogs.correiobraziliense.com.br\/servidor\/wp-json\/wp\/v2\/comments?post=17215"}],"version-history":[{"count":1,"href":"https:\/\/blogs.correiobraziliense.com.br\/servidor\/wp-json\/wp\/v2\/posts\/17215\/revisions"}],"predecessor-version":[{"id":17216,"href":"https:\/\/blogs.correiobraziliense.com.br\/servidor\/wp-json\/wp\/v2\/posts\/17215\/revisions\/17216"}],"wp:attachment":[{"href":"https:\/\/blogs.correiobraziliense.com.br\/servidor\/wp-json\/wp\/v2\/media?parent=17215"}],"wp:term":[{"taxonomy":"category","embeddable":true,"href":"https:\/\/blogs.correiobraziliense.com.br\/servidor\/wp-json\/wp\/v2\/categories?post=17215"},{"taxonomy":"post_tag","embeddable":true,"href":"https:\/\/blogs.correiobraziliense.com.br\/servidor\/wp-json\/wp\/v2\/tags?post=17215"}],"curies":[{"name":"wp","href":"https:\/\/api.w.org\/{rel}","templated":true}]}}