{"id":17204,"date":"2020-08-04T15:56:35","date_gmt":"2020-08-04T18:56:35","guid":{"rendered":"https:\/\/blogs.correiobraziliense.com.br\/servidor\/?p=17204"},"modified":"2020-08-04T15:56:35","modified_gmt":"2020-08-04T18:56:35","slug":"tributar-os-super-ricos-para-reconstruir-o-pais","status":"publish","type":"post","link":"https:\/\/blogs.correiobraziliense.com.br\/servidor\/tributar-os-super-ricos-para-reconstruir-o-pais\/","title":{"rendered":"Tributar os super-ricos para reconstruir o pa\u00eds"},"content":{"rendered":"<p><em><strong>Para enfrentar a crise em consequ\u00eancia da\u00a0pandemia pela Covid-19, auditores fiscais estaduais, federais e municipais prepararam oito propostas de leis tribut\u00e1rias que isentam os mais pobres e as pequenas empresas, fortalecem Estados e munic\u00edpios, com acr\u00e9scimo na arrecada\u00e7\u00e3o estimado em R$ 292 bilh\u00f5es, e incidem sobre as altas rendas e o grande patrim\u00f4nio, onerando apenas os 0,3% mais ricos. O lan\u00e7amento do documento ser\u00e1 na quinta-feira, 6 de agosto, das 10h \u00e0s 12h<\/strong><\/em><\/p>\n<p><img loading=\"lazy\" decoding=\"async\" class=\"alignright size-large wp-image-17205\" src=\"https:\/\/blogs.correiobraziliense.com.br\/servidor\/wp-content\/uploads\/sites\/10\/2020\/08\/TRIBUTAR-OS-MAIS-RICOS-1024x1024.jpg\" alt=\"\" width=\"1024\" height=\"1024\" \/><\/p>\n<p>Para o grupo de profissionais do Fisco, a\u00a0 gravidade da conjuntura requer que essas medidas sejam aprovadas ainda em 2020, para que possam produzir efeitos j\u00e1 em 2021. A maior parte delas n\u00e3o requer emenda constitucional e, portanto, podem ser aprovadas pelo Congresso Nacional com mais agilidade. &#8220;Em fun\u00e7\u00e3o da urg\u00eancia que o momento imp\u00f5e, esse estudo apresenta toda a legisla\u00e7\u00e3o espec\u00edfica para cada uma das propostas recomendadas&#8221;, afirmam.<\/p>\n<p>O ponto de partida do trabalho \u00e9 o manifesto \u201cTributar os Ricos para Enfrentar a Crise\u201d que est\u00e1 em sintonia com a Emenda Substitutiva Global \u00e0 PEC 45\/2019 (EMC 178\/2019) que tramita no Congresso Nacional, por iniciativa das bancadas dos partidos da oposi\u00e7\u00e3o na C\u00e2mara dos Deputados, que contou com mais de 200 assinaturas de parlamentares, de diversos partidos \u2013 e proposi\u00e7\u00e3o legislativa inspirada nos dois estudos t\u00e9cnicos que constituem a formula\u00e7\u00e3o te\u00f3rica do projeto de Reforma Tribut\u00e1ria Solid\u00e1ria, Justa e Sustent\u00e1vel.<\/p>\n<p>&nbsp;<\/p>\n","protected":false},"excerpt":{"rendered":"<p>Para enfrentar a crise em consequ\u00eancia da\u00a0pandemia pela Covid-19, auditores fiscais estaduais, federais e municipais prepararam oito propostas de leis tribut\u00e1rias que isentam os mais pobres e as pequenas empresas, fortalecem Estados e munic\u00edpios, com acr\u00e9scimo na arrecada\u00e7\u00e3o estimado em R$ 292 bilh\u00f5es, e incidem sobre as altas rendas e o grande patrim\u00f4nio, onerando apenas os 0,3% mais ricos. O [&hellip;]<\/p>\n","protected":false},"author":27,"featured_media":0,"comment_status":"open","ping_status":"closed","sticky":false,"template":"","format":"standard","meta":{"footnotes":""},"categories":[2719],"tags":[946,31,17256,943,1689,59,12,5032,1690,944,1454,18030,2369,922,2504,10250,18029,3434],"class_list":["post-17204","post","type-post","status-publish","format-standard","hentry","category-servidor","tag-arrecadacao","tag-auditores","tag-covid-19","tag-estados","tag-estaduais","tag-federais","tag-fiscais","tag-leis","tag-municipais","tag-municipios","tag-patrimonio","tag-pequenas-empresas","tag-pobres","tag-propostas","tag-rendas","tag-super-ricos","tag-tributar","tag-tributarias"],"_links":{"self":[{"href":"https:\/\/blogs.correiobraziliense.com.br\/servidor\/wp-json\/wp\/v2\/posts\/17204","targetHints":{"allow":["GET"]}}],"collection":[{"href":"https:\/\/blogs.correiobraziliense.com.br\/servidor\/wp-json\/wp\/v2\/posts"}],"about":[{"href":"https:\/\/blogs.correiobraziliense.com.br\/servidor\/wp-json\/wp\/v2\/types\/post"}],"author":[{"embeddable":true,"href":"https:\/\/blogs.correiobraziliense.com.br\/servidor\/wp-json\/wp\/v2\/users\/27"}],"replies":[{"embeddable":true,"href":"https:\/\/blogs.correiobraziliense.com.br\/servidor\/wp-json\/wp\/v2\/comments?post=17204"}],"version-history":[{"count":1,"href":"https:\/\/blogs.correiobraziliense.com.br\/servidor\/wp-json\/wp\/v2\/posts\/17204\/revisions"}],"predecessor-version":[{"id":17206,"href":"https:\/\/blogs.correiobraziliense.com.br\/servidor\/wp-json\/wp\/v2\/posts\/17204\/revisions\/17206"}],"wp:attachment":[{"href":"https:\/\/blogs.correiobraziliense.com.br\/servidor\/wp-json\/wp\/v2\/media?parent=17204"}],"wp:term":[{"taxonomy":"category","embeddable":true,"href":"https:\/\/blogs.correiobraziliense.com.br\/servidor\/wp-json\/wp\/v2\/categories?post=17204"},{"taxonomy":"post_tag","embeddable":true,"href":"https:\/\/blogs.correiobraziliense.com.br\/servidor\/wp-json\/wp\/v2\/tags?post=17204"}],"curies":[{"name":"wp","href":"https:\/\/api.w.org\/{rel}","templated":true}]}}