{"id":17183,"date":"2020-08-03T17:28:10","date_gmt":"2020-08-03T20:28:10","guid":{"rendered":"https:\/\/blogs.correiobraziliense.com.br\/servidor\/?p=17183"},"modified":"2020-08-03T17:28:10","modified_gmt":"2020-08-03T20:28:10","slug":"mercado-aquecido-para-comerciantes-de-arma-de-fogo","status":"publish","type":"post","link":"https:\/\/blogs.correiobraziliense.com.br\/servidor\/mercado-aquecido-para-comerciantes-de-arma-de-fogo\/","title":{"rendered":"Mercado aquecido para comerciantes de arma de fogo"},"content":{"rendered":"<p><em><strong>Com importa\u00e7\u00e3o e com\u00e9rcio de armas de fogo em alta, a Getpro Firearms inicia opera\u00e7\u00e3o no Brasil, no Rio Grande do Sul. Filiada \u00e0 NRA (National Rifle Association of America), a empresa atua em todo o Brasil com importa\u00e7\u00e3o e comercializa\u00e7\u00e3o de armas de fogo<\/strong><\/em><\/p>\n<p>A empresa importa armas de marcas reconhecidas mundialmente como Beretta, Walther, HK, Smith &amp; Wesson, Benelli, Tikka, Merkel, Sig Sauer, Winchester, Zaviar, Colt, Kimber, CZ e FN. Tamb\u00e9m \u00e9 revenda autorizada da Glock do Brasil, Taurus e CBC.<\/p>\n<p>&#8220;A Getpro tem como grandes diferenciais o atendimento especializado, rapidez na entrega e parceria com despachantes e clubes de tiro para confec\u00e7\u00e3o da documenta\u00e7\u00e3o necess\u00e1ria para importa\u00e7\u00e3o e registro nos \u00f3rg\u00e3os competentes. O transporte para fora do estado do RS \u00e9 feito atrav\u00e9s de parceria com a Latam Cargo&#8221;, informa a companhia.<\/p>\n<p><strong>Alta de 200%<\/strong><\/p>\n<p>De acordo com o Sistema Nacional de Armas da Pol\u00edcia Federal, o\u00a0n\u00famero de pessoas que compraram armas de fogo no Brasil aumentou em praticamente 200% no primeiro semestre de 2020 em rela\u00e7\u00e3o ao mesmo per\u00edodo do ano passado. As vendas saltaram de 24.663, em 2019, para 73.985, em 2020. A disparada na comercializa\u00e7\u00e3o foi um ponto fora da curva.\u00a0De 2017 a 2019, os n\u00fameros da PF mostraram um aumento m\u00e9dio de, aproximadamente, 1.200 armas ao ano. Por\u00e9m, do ano passado para este ano, este n\u00famero saltou para 49.322.<\/p>\n","protected":false},"excerpt":{"rendered":"<p>Com importa\u00e7\u00e3o e com\u00e9rcio de armas de fogo em alta, a Getpro Firearms inicia opera\u00e7\u00e3o no Brasil, no Rio Grande do Sul. Filiada \u00e0 NRA (National Rifle Association of America), a empresa atua em todo o Brasil com importa\u00e7\u00e3o e comercializa\u00e7\u00e3o de armas de fogo A empresa importa armas de marcas reconhecidas mundialmente como Beretta, Walther, HK, Smith &amp; Wesson, [&hellip;]<\/p>\n","protected":false},"author":27,"featured_media":0,"comment_status":"open","ping_status":"closed","sticky":false,"template":"","format":"standard","meta":{"footnotes":""},"categories":[2719],"tags":[12847,18014,5212,489,3714],"class_list":["post-17183","post","type-post","status-publish","format-standard","hentry","category-servidor","tag-armas-de-foto","tag-getpro","tag-importacao","tag-mercado","tag-transporte"],"_links":{"self":[{"href":"https:\/\/blogs.correiobraziliense.com.br\/servidor\/wp-json\/wp\/v2\/posts\/17183","targetHints":{"allow":["GET"]}}],"collection":[{"href":"https:\/\/blogs.correiobraziliense.com.br\/servidor\/wp-json\/wp\/v2\/posts"}],"about":[{"href":"https:\/\/blogs.correiobraziliense.com.br\/servidor\/wp-json\/wp\/v2\/types\/post"}],"author":[{"embeddable":true,"href":"https:\/\/blogs.correiobraziliense.com.br\/servidor\/wp-json\/wp\/v2\/users\/27"}],"replies":[{"embeddable":true,"href":"https:\/\/blogs.correiobraziliense.com.br\/servidor\/wp-json\/wp\/v2\/comments?post=17183"}],"version-history":[{"count":1,"href":"https:\/\/blogs.correiobraziliense.com.br\/servidor\/wp-json\/wp\/v2\/posts\/17183\/revisions"}],"predecessor-version":[{"id":17184,"href":"https:\/\/blogs.correiobraziliense.com.br\/servidor\/wp-json\/wp\/v2\/posts\/17183\/revisions\/17184"}],"wp:attachment":[{"href":"https:\/\/blogs.correiobraziliense.com.br\/servidor\/wp-json\/wp\/v2\/media?parent=17183"}],"wp:term":[{"taxonomy":"category","embeddable":true,"href":"https:\/\/blogs.correiobraziliense.com.br\/servidor\/wp-json\/wp\/v2\/categories?post=17183"},{"taxonomy":"post_tag","embeddable":true,"href":"https:\/\/blogs.correiobraziliense.com.br\/servidor\/wp-json\/wp\/v2\/tags?post=17183"}],"curies":[{"name":"wp","href":"https:\/\/api.w.org\/{rel}","templated":true}]}}